{"id":3117,"date":"2025-08-21T16:38:46","date_gmt":"2025-08-21T14:38:46","guid":{"rendered":"https:\/\/psychologuj.pl\/psychologia\/?p=3117"},"modified":"2025-08-22T09:59:27","modified_gmt":"2025-08-22T07:59:27","slug":"pomoc-psychologiczna-w-wypaleniu-zawodowym","status":"publish","type":"post","link":"https:\/\/psychologuj.pl\/psychologia\/pomoc-psychologiczna-w-wypaleniu-zawodowym\/","title":{"rendered":"Pomoc psychologiczna w wypaleniu zawodowym"},"content":{"rendered":"<p>Wypalenie zawodowe jest stanem, w kt\u00f3rym cz\u0142owiek nie tylko przestaje odczuwa\u0107 satysfakcj\u0119 z wykonywanych obowi\u0105zk\u00f3w zawodowych i coraz mniej si\u0119 w nie anga\u017cuje, ale przede wszystkim zmaga si\u0119 z du\u017cym poziomem d\u0142ugotrwa\u0142ego stresu i chronicznym przem\u0119czeniem. Wed\u0142ug bada\u0144 stan ten mo\u017ce dotyczy\u0107 nawet co czwartego Polaka, a poszczeg\u00f3lne objawy wypalenia ma wi\u0119cej ni\u017c 60% pracuj\u0105cych. Kluczowy okazuje si\u0119 w zwi\u0105zku z tym dost\u0119p do profesjonalnej pomocy psychologicznej.<\/p>\n<h2>Na czym polega wypalenie zawodowe?<\/h2>\n<p>Na powstanie wypalenia zawodowego wp\u0142ywa szereg czynnik\u00f3w z zakresu samego \u015brodowiska pracy, cech osobowo\u015bci pracownika, a tak\u017ce jego sytuacji \u017cyciowej poza prac\u0105. Gdy ju\u017c dochodzi do wypalenia, jego skutki mog\u0105 by\u0107 znacznie szersze ni\u017c jedynie spadek jako\u015bci i zaanga\u017cowania w prac\u0119. W wyniku wysokiego napi\u0119cia emocjonalnego dana osoba czuje si\u0119 wyczerpana zar\u00f3wno fizycznie, jak i psychicznie. Zaczyna postrzega\u0107 rzeczywisto\u015b\u0107 w negatywny spos\u00f3b, co odbija si\u0119 niekorzystnie na relacjach z klientami, wsp\u00f3\u0142pracownikami i najbli\u017cszymi. Do najcz\u0119\u015bciej wyst\u0119puj\u0105cych objaw\u00f3w wypalenia zawodowego nale\u017c\u0105:<\/p>\n<ul>\n<li>Spadek satysfakcji z wykonywanej pracy<\/li>\n<li>Brak zaanga\u017cowania w prac\u0119<\/li>\n<li>Niech\u0119\u0107 do chodzenia do pracy<\/li>\n<li>Obni\u017cona produktywno\u015b\u0107<\/li>\n<li>Chroniczne zm\u0119czenie<\/li>\n<li>Rozdra\u017cnienie, zmienno\u015b\u0107 nastroj\u00f3w<\/li>\n<li>Apatia<\/li>\n<li>Stany l\u0119kowe<\/li>\n<li>Problemy ze snem<\/li>\n<\/ul>\n<p>Objawy te znacznie wykraczaj\u0105 poza \u017cycie zawodowe i s\u0105 odczuwane przez dan\u0105 osob\u0119 na co dzie\u0144, tak\u017ce przed lub po pracy, oraz w relacjach prywatnych. Cho\u0107 problem ten mo\u017ce dotyczy\u0107 ka\u017cdego, niezale\u017cnie od charakteru wykonywanej pracy, mo\u017cna wyr\u00f3\u017cni\u0107 zawody najbardziej obci\u0105\u017cone ryzykiem wypalenia. S\u0105 to m.in. lekarze, nauczyciele, pracownicy marketingu czy korporacji, a tak\u017ce s\u0142u\u017cby mundurowe. Wszystkie z nich wi\u0105\u017c\u0105 si\u0119 z du\u017c\u0105 intensywno\u015bci\u0105 pracy, presj\u0105 spo\u0142eczn\u0105 oraz konkurencj\u0105.<\/p>\n<h2>W jaki spos\u00f3b mo\u017ce pom\u00f3c psycholog?<\/h2>\n<p>Pierwszym krokiem w walce z wypaleniem zawodowym jest sama \u015bwiadomo\u015b\u0107 tego, \u017ce to w\u0142a\u015bnie Ciebie dotyczy ten problem. Warto uda\u0107 si\u0119 do specjalisty, np. psychologa Adama Piotrowskiego\u00a0<u><a href=\"https:\/\/adampiotrowskipsycholog.pl\/\" target=\"_blank\" rel=\"noopener\">https:\/\/adampiotrowskipsycholog.pl\/<\/a><\/u>. Terapeuta pomo\u017ce w zrozumieniu szkodz\u0105cych mechanizm\u00f3w, kt\u00f3re kieruj\u0105 \u017cyciem pacjenta i doprowadzi\u0142y go do jego sytuacji. Przy u\u017cyciu odpowiednich narz\u0119dzi terapeutycznych wsp\u00f3lnie zidentyfikowane zostan\u0105 wewn\u0119trzne przyczyny dla kt\u00f3rych dochodzi\u0142o do nier\u00f3wnowagi w okre\u015blonych obszarach \u017cycia \u2013 zawodowego i prywatnego. Kompleksowe podej\u015bcie uwzgl\u0119dni nie tylko edukacj\u0119 i wsparcie spo\u0142eczne, lecz tak\u017ce konkretne i skuteczne zalecenia i trening zmiany zachowania, sposobu podejmowania decyzji czy zdrowej troski o siebie. Dzi\u0119ki temu klient mo\u017ce nauczy\u0107 si\u0119 stawiania zdrowych granic oraz budowania nowych, korzystniejszych dla siebie schemat\u00f3w zachowania.<\/p>\n<h2>Jak zapobiega\u0107 wypaleniu zawodowemu?<\/h2>\n<p>Warto podkre\u015bli\u0107, \u017ce tak jak w przypadku wi\u0119kszo\u015bci zaburze\u0144 psychicznych, czy chor\u00f3b fizycznych, korzystniejsze i \u0142atwiejsze jest przeciwdzia\u0142anie ni\u017c leczenie. Nale\u017cy pami\u0119ta\u0107 bowiem, \u017ce wypalenie zawodowe nie powstaje z dnia na dzie\u0144 i poszczeg\u00f3lne symptomy, kt\u00f3re na nie wskazuj\u0105, mo\u017cna zauwa\u017cy\u0107 wcze\u015bniej. Wa\u017cne jest u\u015bwiadomienie sobie, \u017ce nikt nie jest wolny od ryzyka wyst\u0105pienia tego problemu i mo\u017ce on dotyczy\u0107 r\u00f3wnie\u017c Ciebie.<\/p>\n<p>Najwa\u017cniejszym obszarem, o jaki warto zadba\u0107, jest szeroko rozumiana r\u00f3wnowaga mi\u0119dzy \u017cyciem zawodowym a prywatnym. Nale\u017cy zarezerwowa\u0107 sobie czas na regeneracj\u0119, piel\u0119gnowa\u0107 swoje hobby, a tak\u017ce dba\u0107 o relacj\u0119 z najbli\u017cszymi i znajomymi poza miejscem pracy. Korzystnym wsparciem zawsze b\u0119d\u0105 te\u017c wszelkiego rodzaju techniki relaksacyjne oraz aktywno\u015bci fizyczne. Pomo\u017ce tak\u017ce dba\u0142o\u015b\u0107 o stan fizyczny organizmu w postaci zapewnienia sobie odpowiedniej ilo\u015bci i jako\u015bci snu oraz zdrowego od\u017cywiania. Nie da si\u0119 te\u017c pomin\u0105\u0107 kwestii samego miejsca pracy \u2013 je\u015bli czujesz, \u017ce jest ono dla Ciebie toksyczne, warto zastanowi\u0107 si\u0119 nad jego zmian\u0105. Powy\u017csze kwestie nie s\u0105 oczywi\u015bcie uniwersaln\u0105 recept\u0105 na to jak nie dopu\u015bci\u0107 do <a href=\"https:\/\/psychologuj.pl\/psychologia\/wypalenie-zawodowe\/\">wypalenia zawodowego<\/a> w swoim \u017cyciu, lecz z pewno\u015bci\u0105 minimalizuj\u0105 one ryzyko napotkania takiego problemu.<\/p>\n<p style=\"text-align: right;\"><em>MZ<\/em><\/p>\n\n\n<div class=\"kk-star-ratings kksr-auto kksr-align-left kksr-valign-bottom\"\n    data-payload='{&quot;align&quot;:&quot;left&quot;,&quot;id&quot;:&quot;3117&quot;,&quot;slug&quot;:&quot;default&quot;,&quot;valign&quot;:&quot;bottom&quot;,&quot;ignore&quot;:&quot;&quot;,&quot;reference&quot;:&quot;auto&quot;,&quot;class&quot;:&quot;&quot;,&quot;count&quot;:&quot;0&quot;,&quot;legendonly&quot;:&quot;&quot;,&quot;readonly&quot;:&quot;&quot;,&quot;score&quot;:&quot;0&quot;,&quot;starsonly&quot;:&quot;&quot;,&quot;best&quot;:&quot;5&quot;,&quot;gap&quot;:&quot;5&quot;,&quot;greet&quot;:&quot;Twoja ocena&quot;,&quot;legend&quot;:&quot;Ocena 0\\\/5 - (0 g\u0142os\u00f3w)&quot;,&quot;size&quot;:&quot;24&quot;,&quot;title&quot;:&quot;Pomoc psychologiczna w wypaleniu zawodowym&quot;,&quot;width&quot;:&quot;0&quot;,&quot;_legend&quot;:&quot;Ocena {score}\\\/{best} - ({count} g\u0142os\u00f3w)&quot;,&quot;font_factor&quot;:&quot;1.25&quot;}'>\n            \n<div class=\"kksr-stars\">\n    \n<div class=\"kksr-stars-inactive\">\n            <div class=\"kksr-star\" data-star=\"1\" style=\"padding-right: 5px\">\n            \n\n<div class=\"kksr-icon\" style=\"width: 24px; height: 24px;\"><\/div>\n        <\/div>\n            <div class=\"kksr-star\" data-star=\"2\" style=\"padding-right: 5px\">\n            \n\n<div class=\"kksr-icon\" style=\"width: 24px; height: 24px;\"><\/div>\n        <\/div>\n            <div class=\"kksr-star\" data-star=\"3\" style=\"padding-right: 5px\">\n            \n\n<div class=\"kksr-icon\" style=\"width: 24px; height: 24px;\"><\/div>\n        <\/div>\n            <div class=\"kksr-star\" data-star=\"4\" style=\"padding-right: 5px\">\n            \n\n<div class=\"kksr-icon\" style=\"width: 24px; height: 24px;\"><\/div>\n        <\/div>\n            <div class=\"kksr-star\" data-star=\"5\" style=\"padding-right: 5px\">\n            \n\n<div class=\"kksr-icon\" style=\"width: 24px; height: 24px;\"><\/div>\n        <\/div>\n    <\/div>\n    \n<div class=\"kksr-stars-active\" style=\"width: 0px;\">\n            <div class=\"kksr-star\" style=\"padding-right: 5px\">\n            \n\n<div class=\"kksr-icon\" style=\"width: 24px; height: 24px;\"><\/div>\n        <\/div>\n            <div class=\"kksr-star\" style=\"padding-right: 5px\">\n            \n\n<div class=\"kksr-icon\" style=\"width: 24px; height: 24px;\"><\/div>\n        <\/div>\n            <div class=\"kksr-star\" style=\"padding-right: 5px\">\n            \n\n<div class=\"kksr-icon\" style=\"width: 24px; height: 24px;\"><\/div>\n        <\/div>\n            <div class=\"kksr-star\" style=\"padding-right: 5px\">\n            \n\n<div class=\"kksr-icon\" style=\"width: 24px; height: 24px;\"><\/div>\n        <\/div>\n            <div class=\"kksr-star\" style=\"padding-right: 5px\">\n            \n\n<div class=\"kksr-icon\" style=\"width: 24px; height: 24px;\"><\/div>\n        <\/div>\n    <\/div>\n<\/div>\n                \n\n<div class=\"kksr-legend\" style=\"font-size: 19.2px;\">\n            <span class=\"kksr-muted\">Twoja ocena<\/span>\n    <\/div>\n    <\/div>\n","protected":false},"excerpt":{"rendered":"<p>Wypalenie zawodowe jest stanem, w kt\u00f3rym cz\u0142owiek nie tylko przestaje odczuwa\u0107 satysfakcj\u0119 z wykonywanych obowi\u0105zk\u00f3w zawodowych i coraz mniej si\u0119 w nie anga\u017cuje, ale przede wszystkim zmaga si\u0119 z du\u017cym poziomem d\u0142ugotrwa\u0142ego stresu i chronicznym przem\u0119czeniem. Wed\u0142ug bada\u0144 stan ten mo\u017ce dotyczy\u0107 nawet co czwartego Polaka, a poszczeg\u00f3lne objawy wypalenia ma wi\u0119cej ni\u017c 60% pracuj\u0105cych. Kluczowy okazuje si\u0119 w zwi\u0105zku z tym dost\u0119p do profesjonalnej pomocy psychologicznej. Na czym polega wypalenie zawodowe? Na powstanie wypalenia zawodowego wp\u0142ywa szereg czynnik\u00f3w z zakresu samego \u015brodowiska pracy, cech osobowo\u015bci pracownika, a tak\u017ce jego sytuacji \u017cyciowej poza prac\u0105. Gdy ju\u017c dochodzi do wypalenia, jego &hellip; <\/p>\n","protected":false},"author":1,"featured_media":3118,"comment_status":"closed","ping_status":"closed","sticky":false,"template":"","format":"standard","meta":{"footnotes":""},"categories":[2],"tags":[],"class_list":["post-3117","post","type-post","status-publish","format-standard","has-post-thumbnail","hentry","category-artykuly"],"_links":{"self":[{"href":"https:\/\/psychologuj.pl\/psychologia\/wp-json\/wp\/v2\/posts\/3117","targetHints":{"allow":["GET"]}}],"collection":[{"href":"https:\/\/psychologuj.pl\/psychologia\/wp-json\/wp\/v2\/posts"}],"about":[{"href":"https:\/\/psychologuj.pl\/psychologia\/wp-json\/wp\/v2\/types\/post"}],"author":[{"embeddable":true,"href":"https:\/\/psychologuj.pl\/psychologia\/wp-json\/wp\/v2\/users\/1"}],"replies":[{"embeddable":true,"href":"https:\/\/psychologuj.pl\/psychologia\/wp-json\/wp\/v2\/comments?post=3117"}],"version-history":[{"count":1,"href":"https:\/\/psychologuj.pl\/psychologia\/wp-json\/wp\/v2\/posts\/3117\/revisions"}],"predecessor-version":[{"id":3125,"href":"https:\/\/psychologuj.pl\/psychologia\/wp-json\/wp\/v2\/posts\/3117\/revisions\/3125"}],"wp:featuredmedia":[{"embeddable":true,"href":"https:\/\/psychologuj.pl\/psychologia\/wp-json\/wp\/v2\/media\/3118"}],"wp:attachment":[{"href":"https:\/\/psychologuj.pl\/psychologia\/wp-json\/wp\/v2\/media?parent=3117"}],"wp:term":[{"taxonomy":"category","embeddable":true,"href":"https:\/\/psychologuj.pl\/psychologia\/wp-json\/wp\/v2\/categories?post=3117"},{"taxonomy":"post_tag","embeddable":true,"href":"https:\/\/psychologuj.pl\/psychologia\/wp-json\/wp\/v2\/tags?post=3117"}],"curies":[{"name":"wp","href":"https:\/\/api.w.org\/{rel}","templated":true}]}}