{"id":2919,"date":"2025-03-05T12:11:42","date_gmt":"2025-03-05T11:11:42","guid":{"rendered":"https:\/\/psychologuj.pl\/psychologia\/?p=2919"},"modified":"2025-03-05T12:14:00","modified_gmt":"2025-03-05T11:14:00","slug":"autyzm","status":"publish","type":"post","link":"https:\/\/psychologuj.pl\/psychologia\/autyzm\/","title":{"rendered":"Autyzm"},"content":{"rendered":"<p>Autyzm znany r\u00f3wnie\u017c jako spektrum autyzmu lub zaburzenia ze spektrum autyzmu, to neurologiczne zaburzenie rozwojowe, kt\u00f3re wp\u0142ywa na spos\u00f3b funkcjonowania jednostki w obszarze spo\u0142ecznych interakcji, komunikacji i zachowa\u0144. Autyzm manifestuje si\u0119 na r\u00f3\u017cnych poziomach nasilenia i mo\u017ce mie\u0107 r\u00f3\u017cne objawy u r\u00f3\u017cnych os\u00f3b.<\/p>\n<p>Poj\u0119cie autyzmu obecnie jest rozumiane jako zaburzenie neurorozwojowe, a nie choroba. Oznacza to, \u017ce nie jest to stan patologiczny, kt\u00f3ry mo\u017cna wyleczy\u0107, ale raczej <a href=\"https:\/\/psychologuj.pl\/psychologia\/neuroroznorodnosc\/\">r\u00f3\u017cnorodno\u015b\u0107 neurologiczna<\/a>, kt\u00f3ra wp\u0142ywa na spos\u00f3b, w jaki jednostka postrzega \u015bwiat komunikuje si\u0119 z nim oraz rodzaj interakcji, kt\u00f3re podejmuje. Osoby z autyzmem maj\u0105 inn\u0105 ni\u017c tradycyjna &#8211; neurotypowa &#8211; \u015bcie\u017ck\u0119 poznawcz\u0105, co oznacza, \u017ce ich spos\u00f3b przetwarzania informacji, reakcji emocjonalnych i interakcji spo\u0142ecznych mo\u017ce si\u0119 r\u00f3\u017cni\u0107 od przeci\u0119tnej osoby, by\u0107 neuroatypowy.<\/p>\n<h2>Diagnoza autyzmu<\/h2>\n<p>Autyzm diagnozowany jest na podstawie tzw. triady autystycznej, kt\u00f3ra obejmuje trzy g\u0142\u00f3wne obszary: problemy w komunikacji, stereotypie zachowania oraz zaburzenia w funkcjonowaniu spo\u0142ecznym.<\/p>\n<p>Zaburzenia komunikacji cz\u0119sto manifestuj\u0105 si\u0119 poprzez p\u00f3\u017aniejszy rozw\u00f3j mowy, cho\u0107 nie dotyczy to przypadk\u00f3w zespo\u0142u Aspergera. Osoby z autyzmem cz\u0119sto pos\u0142uguj\u0105 si\u0119 prost\u0105 mow\u0105, a czasami mog\u0105 wyst\u0119powa\u0107 trudno\u015bci z gramatyk\u0105.<\/p>\n<p>Stereotypie i fiksacje stanowi\u0105 istotny element autyzmu, charakteryzuj\u0105c si\u0119 konieczno\u015bci\u0105 wykonywania czynno\u015bci w \u015bci\u015ble okre\u015blony spos\u00f3b oraz zainteresowaniem jednym konkretnym tematem.<\/p>\n<p>Trudno\u015bci spo\u0142eczne to kolejny istotny aspekt autyzmu, obejmuj\u0105cy problem w nawi\u0105zywaniu i podtrzymywaniu relacji z innymi lud\u017ami. Osoby z autyzmem mog\u0105 mie\u0107 trudno\u015bci z rozumieniem spo\u0142ecznych norm i oczekiwa\u0144, co prowadzi do izolacji lub niezrozumienia ze strony otoczenia.<\/p>\n<h2>Objawy autyzmu<\/h2>\n<p><strong>Trudno\u015bci w komunikacji spo\u0142ecznej<\/strong><\/p>\n<p>Osoby z autyzmem mog\u0105 mie\u0107 trudno\u015bci w nawi\u0105zywaniu i utrzymywaniu kontaktu wzrokowego, rozumieniu mowy werbalnej i niewerbalnej, interpretowaniu gest\u00f3w czy intencji innych os\u00f3b. Mog\u0105 mie\u0107 r\u00f3wnie\u017c trudno\u015bci z adaptacj\u0105 do spo\u0142ecznych norm i regu\u0142. Dla mowy u dzieci autystycznych charakterystyczne jest odwracania zaimk\u00f3w &#8222;ja&#8221; i &#8222;ty&#8221;.<\/p>\n<p><strong>Ograniczone, powtarzalne zainteresowania i dzia\u0142ania<\/strong><\/p>\n<p>Osoby z autyzmem cz\u0119sto wykazuj\u0105 ograniczone, intensywne zainteresowania, kt\u00f3re mog\u0105 by\u0107 nietypowe lub nietypowo rozwini\u0119te jak np. skupienie na szczeg\u00f3\u0142ach, powtarzalnych czynno\u015bciach czy specyficznych tematach.<\/p>\n<p><strong>Trudno\u015bci w adaptacji do zmian<\/strong><\/p>\n<p>Osoby z autyzmem cz\u0119sto preferuj\u0105 rutyn\u0119 i maj\u0105 trudno\u015bci w adaptacji do zmian w planach, \u015brodowisku czy codziennych czynno\u015bciach. Mog\u0105 reagowa\u0107 na zmiany z niepokojem lub niezadowoleniem.<\/p>\n<p><strong>Wra\u017cliwo\u015b\u0107 sensoryczna<\/strong><\/p>\n<p>Osoby z autyzmem mog\u0105 mie\u0107 wzmo\u017con\u0105 lub zmniejszon\u0105 wra\u017cliwo\u015b\u0107 na bod\u017ace sensoryczne, takie jak d\u017awi\u0119ki, \u015bwiat\u0142o, dotyk czy zapachy. Mog\u0105 reagowa\u0107 w spos\u00f3b nietypowy na pewne bod\u017ace sensoryczne.<\/p>\n<p>Autyzm jako spektrum, co oznacza, \u017ce objawy i nasilenie zaburzenia mog\u0105 si\u0119 r\u00f3\u017cni\u0107 znacznie mi\u0119dzy r\u00f3\u017cnymi osobami. Niekt\u00f3re osoby mog\u0105 mie\u0107 umiej\u0119tno\u015bci j\u0119zykowe i komunikacyjne, podczas gdy inne mog\u0105 by\u0107 nieme. Niekt\u00f3re mog\u0105 wykazywa\u0107 znacz\u0105ce trudno\u015bci w samodzielno\u015bci, podczas gdy inne mog\u0105 osi\u0105gn\u0105\u0107 wysoki stopie\u0144 niezale\u017cno\u015bci.<\/p>\n<p>Wa\u017cne jest, aby zrozumie\u0107, \u017ce autyzm to nie choroba, ale r\u00f3\u017cnorodno\u015b\u0107 neurologiczna. Osoby z autyzmem maj\u0105 unikalne talenty, perspektywy i zdolno\u015bci. Wsparcie i zrozumienie ze strony rodziny, przyjaci\u00f3\u0142, edukator\u00f3w i spo\u0142eczno\u015bci s\u0105 kluczowe dla pe\u0142nego rozwoju i integracji jednostek z autyzmem w spo\u0142ecze\u0144stwie.<\/p>\n<p>W przypadku diagnozy autyzmu wa\u017cne jest skonsultowanie si\u0119 z profesjonalist\u0105, takim jak psycholog czy pedagog specjalny, kt\u00f3ry mo\u017ce przeprowadzi\u0107 ocen\u0119 i zaproponowa\u0107 odpowiednie formy terapii i interwencji, takie jak terapia behawioralna, terapia mowy i j\u0119zyka, terapia zaj\u0119ciowa czy terapia sensoryczna, kt\u00f3re mog\u0105 wspomaga\u0107 rozw\u00f3j umiej\u0119tno\u015bci spo\u0142ecznych, komunikacyjnych i adaptacyjnych u osoby z autyzmem.<\/p>\n\n\n<div class=\"kk-star-ratings kksr-auto kksr-align-left kksr-valign-bottom\"\n    data-payload='{&quot;align&quot;:&quot;left&quot;,&quot;id&quot;:&quot;2919&quot;,&quot;slug&quot;:&quot;default&quot;,&quot;valign&quot;:&quot;bottom&quot;,&quot;ignore&quot;:&quot;&quot;,&quot;reference&quot;:&quot;auto&quot;,&quot;class&quot;:&quot;&quot;,&quot;count&quot;:&quot;0&quot;,&quot;legendonly&quot;:&quot;&quot;,&quot;readonly&quot;:&quot;&quot;,&quot;score&quot;:&quot;0&quot;,&quot;starsonly&quot;:&quot;&quot;,&quot;best&quot;:&quot;5&quot;,&quot;gap&quot;:&quot;5&quot;,&quot;greet&quot;:&quot;Twoja ocena&quot;,&quot;legend&quot;:&quot;Ocena 0\\\/5 - (0 g\u0142os\u00f3w)&quot;,&quot;size&quot;:&quot;24&quot;,&quot;title&quot;:&quot;Autyzm&quot;,&quot;width&quot;:&quot;0&quot;,&quot;_legend&quot;:&quot;Ocena {score}\\\/{best} - ({count} g\u0142os\u00f3w)&quot;,&quot;font_factor&quot;:&quot;1.25&quot;}'>\n            \n<div class=\"kksr-stars\">\n    \n<div class=\"kksr-stars-inactive\">\n            <div class=\"kksr-star\" data-star=\"1\" style=\"padding-right: 5px\">\n            \n\n<div class=\"kksr-icon\" style=\"width: 24px; height: 24px;\"><\/div>\n        <\/div>\n            <div class=\"kksr-star\" data-star=\"2\" style=\"padding-right: 5px\">\n            \n\n<div class=\"kksr-icon\" style=\"width: 24px; height: 24px;\"><\/div>\n        <\/div>\n            <div class=\"kksr-star\" data-star=\"3\" style=\"padding-right: 5px\">\n            \n\n<div class=\"kksr-icon\" style=\"width: 24px; height: 24px;\"><\/div>\n        <\/div>\n            <div class=\"kksr-star\" data-star=\"4\" style=\"padding-right: 5px\">\n            \n\n<div class=\"kksr-icon\" style=\"width: 24px; height: 24px;\"><\/div>\n        <\/div>\n            <div class=\"kksr-star\" data-star=\"5\" style=\"padding-right: 5px\">\n            \n\n<div class=\"kksr-icon\" style=\"width: 24px; height: 24px;\"><\/div>\n        <\/div>\n    <\/div>\n    \n<div class=\"kksr-stars-active\" style=\"width: 0px;\">\n            <div class=\"kksr-star\" style=\"padding-right: 5px\">\n            \n\n<div class=\"kksr-icon\" style=\"width: 24px; height: 24px;\"><\/div>\n        <\/div>\n            <div class=\"kksr-star\" style=\"padding-right: 5px\">\n            \n\n<div class=\"kksr-icon\" style=\"width: 24px; height: 24px;\"><\/div>\n        <\/div>\n            <div class=\"kksr-star\" style=\"padding-right: 5px\">\n            \n\n<div class=\"kksr-icon\" style=\"width: 24px; height: 24px;\"><\/div>\n        <\/div>\n            <div class=\"kksr-star\" style=\"padding-right: 5px\">\n            \n\n<div class=\"kksr-icon\" style=\"width: 24px; height: 24px;\"><\/div>\n        <\/div>\n            <div class=\"kksr-star\" style=\"padding-right: 5px\">\n            \n\n<div class=\"kksr-icon\" style=\"width: 24px; height: 24px;\"><\/div>\n        <\/div>\n    <\/div>\n<\/div>\n                \n\n<div class=\"kksr-legend\" style=\"font-size: 19.2px;\">\n            <span class=\"kksr-muted\">Twoja ocena<\/span>\n    <\/div>\n    <\/div>\n","protected":false},"excerpt":{"rendered":"<p>Autyzm znany r\u00f3wnie\u017c jako spektrum autyzmu lub zaburzenia ze spektrum autyzmu, to neurologiczne zaburzenie rozwojowe, kt\u00f3re wp\u0142ywa na spos\u00f3b funkcjonowania jednostki w obszarze spo\u0142ecznych interakcji, komunikacji i zachowa\u0144. Autyzm manifestuje si\u0119 na r\u00f3\u017cnych poziomach nasilenia i mo\u017ce mie\u0107 r\u00f3\u017cne objawy u r\u00f3\u017cnych os\u00f3b. Poj\u0119cie autyzmu obecnie jest rozumiane jako zaburzenie neurorozwojowe, a nie choroba. Oznacza to, \u017ce nie jest to stan patologiczny, kt\u00f3ry mo\u017cna wyleczy\u0107, ale raczej r\u00f3\u017cnorodno\u015b\u0107 neurologiczna, kt\u00f3ra wp\u0142ywa na spos\u00f3b, w jaki jednostka postrzega \u015bwiat komunikuje si\u0119 z nim oraz rodzaj interakcji, kt\u00f3re podejmuje. Osoby z autyzmem maj\u0105 inn\u0105 ni\u017c tradycyjna &#8211; neurotypowa &#8211; \u015bcie\u017ck\u0119 poznawcz\u0105, co &hellip; <\/p>\n","protected":false},"author":2,"featured_media":2922,"comment_status":"closed","ping_status":"closed","sticky":false,"template":"","format":"standard","meta":{"footnotes":""},"categories":[2],"tags":[],"class_list":["post-2919","post","type-post","status-publish","format-standard","has-post-thumbnail","hentry","category-artykuly"],"_links":{"self":[{"href":"https:\/\/psychologuj.pl\/psychologia\/wp-json\/wp\/v2\/posts\/2919","targetHints":{"allow":["GET"]}}],"collection":[{"href":"https:\/\/psychologuj.pl\/psychologia\/wp-json\/wp\/v2\/posts"}],"about":[{"href":"https:\/\/psychologuj.pl\/psychologia\/wp-json\/wp\/v2\/types\/post"}],"author":[{"embeddable":true,"href":"https:\/\/psychologuj.pl\/psychologia\/wp-json\/wp\/v2\/users\/2"}],"replies":[{"embeddable":true,"href":"https:\/\/psychologuj.pl\/psychologia\/wp-json\/wp\/v2\/comments?post=2919"}],"version-history":[{"count":1,"href":"https:\/\/psychologuj.pl\/psychologia\/wp-json\/wp\/v2\/posts\/2919\/revisions"}],"predecessor-version":[{"id":2921,"href":"https:\/\/psychologuj.pl\/psychologia\/wp-json\/wp\/v2\/posts\/2919\/revisions\/2921"}],"wp:featuredmedia":[{"embeddable":true,"href":"https:\/\/psychologuj.pl\/psychologia\/wp-json\/wp\/v2\/media\/2922"}],"wp:attachment":[{"href":"https:\/\/psychologuj.pl\/psychologia\/wp-json\/wp\/v2\/media?parent=2919"}],"wp:term":[{"taxonomy":"category","embeddable":true,"href":"https:\/\/psychologuj.pl\/psychologia\/wp-json\/wp\/v2\/categories?post=2919"},{"taxonomy":"post_tag","embeddable":true,"href":"https:\/\/psychologuj.pl\/psychologia\/wp-json\/wp\/v2\/tags?post=2919"}],"curies":[{"name":"wp","href":"https:\/\/api.w.org\/{rel}","templated":true}]}}