{"id":280,"date":"2023-09-14T23:38:52","date_gmt":"2023-09-14T21:38:52","guid":{"rendered":"https:\/\/psychologuj.pl\/?p=280"},"modified":"2025-02-06T10:51:26","modified_gmt":"2025-02-06T09:51:26","slug":"protest-psychologow","status":"publish","type":"post","link":"https:\/\/psychologuj.pl\/psychologia\/protest-psychologow\/","title":{"rendered":"Protest psycholog\u00f3w"},"content":{"rendered":"<p>15 wrze\u015bnia 2023 r. Og\u00f3lnopolski Zwi\u0105zek Zawodowy Psycholog\u00f3w zorganizowa\u0142 protest psycholog\u00f3w, kt\u00f3ry odby\u0142 si\u0119 w <a href=\"https:\/\/psychologuj.pl\/specjalisci\/warszawa-c10531926\">Warszawie<\/a> o godzinie 12.00 pod Pa\u0142acem Kultury i Nauki.<\/p>\n<h3>Organizatorzy podzi\u0119kowali za udzia\u0142<\/h3>\n<p>Dzisiaj odby\u0142 si\u0119 Marsz Gniewu sfery bud\u017cetowej, w kt\u00f3rej psycholodzy wzi\u0119li udzia\u0142 protestuj\u0105c przeciwko:<br \/>\n\u2705 niskim zarobkom w o\u015bwiacie i pomocy spo\u0142ecznej;<br \/>\n\u2705 braku regulacji zawodu psychologa;<br \/>\nPonadto podczas marszu by\u0142y tak\u017ce inne bardziej szczeg\u00f3\u0142owe postulaty, kt\u00f3re znalaz\u0142y si\u0119 na transparentach\ud83d\udc47<br \/>\nBardzo dzi\u0119kujemy wszystkim psychologom, kt\u00f3rzy przyjechali i wzi\u0119li udzia\u0142 w przemarszu.<\/p>\n<h3>Oto jak organizatorzy zach\u0119cali do udzia\u0142u:<\/h3>\n<p>Psycholodzy!! W kontek\u015bcie tego wszystkiego co dzieje si\u0119 wok\u00f3\u0142 zawodu psychologa, nie tylko w o\u015bwiacie chcemy gor\u0105co Was zach\u0119ci\u0107 do PROTESTU To ju\u017c oficjalne &#8211; 15 wrze\u015bnia OZZP we\u017amie udzia\u0142 w wielkiej manifestacji, kt\u00f3ra dotyczy wszystkich psycholog\u00f3w &#8211; wi\u0119kszo\u015b\u0107 z nas pracuje w bran\u017cy bud\u017cetowej.<\/p>\n<p>Manifestacja dotyczy niskich zarobk\u00f3w w sferze bud\u017cetowej, ale chcemy r\u00f3wnie\u017c:<\/p>\n<ul>\n<li>skutecznej regulacji zawodu psychologa;<\/li>\n<li>poprawy dost\u0119pu do psychologa dla ka\u017cdego potrzebuj\u0105cego obywatela;<\/li>\n<li>zmian dotycz\u0105cych psycholog\u00f3w w o\u015bwiacie ( szczeg\u00f3\u0142owe postulaty ju\u017c wkr\u00f3tce)<\/li>\n<li>godnych wynagrodze\u0144 i odpowiednich warunk\u00f3w pracy dla psycholog\u00f3w sektora publicznego.<\/li>\n<\/ul>\n<p>Zapraszamy na ten protest w Warszawie wszystkich psycholog\u00f3w, kt\u00f3rzy chc\u0105 wyrazi\u0107 sw\u00f3j protest wobec tego jak obecnie jest traktowany zaw\u00f3d psychologa w Polsce Pocz\u0105tek o godzinie 12.00 pod Pa\u0142acem Kultury i Nauki To protest pracownik\u00f3w szeroko rozumianej sfery bud\u017cetowej (czyli r\u00f3wnie\u017c psycholog\u00f3w) z obu centrali zwi\u0105zkowych &#8211; OPZZ i Forum Zwi\u0105zk\u00f3w Zawodowych. G\u0142\u00f3wny postulat to podniesienie wynagrodze\u0144 o 20 % od tego roku i 24 % od przysz\u0142ego. Wiele tysi\u0119cy psycholog\u00f3w pracuje w tych aktualnie najgorzej wynagradzanych resortach &#8211; o\u015bwiacie i pomocy spo\u0142ecznej. Zach\u0119camy do udzia\u0142u w manifestacji wszystkich Jeste\u015bmy jedn\u0105 wielk\u0105 grup\u0105 zawodow\u0105 niezale\u017cnie od bran\u017cy , gdzie pracujemy. Warto si\u0119 wzajemnie wspiera\u0107. Protest b\u0119dzie te\u017c okazj\u0105 do zamanifestowania naszego niezadowolenia z powodu BRAKU REGULACJI ZAWODU Na protest mog\u0105 przyj\u015b\u0107 wszyscy psycholodzy, nie tylko Ci nale\u017c\u0105cy do OZZP WA\u017bNE KA\u017bDE WSPARCIE!!! POKA\u017bMY SWOJ\u0104 SI\u0141\u0118<\/p>\n<p>Ju\u017c w pi\u0105tek \u203c 15 wrze\u015bnia odb\u0119dzie si\u0119 PROTEST PSYCHOLOG\u00d3W przy okazji protestu pracownik\u00f3w ca\u0142ej sfery bud\u017cetowej \u203c To MARSZ GNIEWU \ud83d\ude21 wszystkich, kt\u00f3rzy zarabiaj\u0105 minimum. W\u015br\u00f3d tych os\u00f3b s\u0105 PSYCHOLODZY O\u015aWIATY, PSYCHOLODZY POMOCY SPO\u0141ECZNEJ i inni. Psycholodzy maj\u0105 sporo powod\u00f3w do PROTESTU. Psycholo\u017cko, Psychologu, przyjd\u017a na protest ko\u0142o Pa\u0142acu Kultury i Nauki w samo po\u0142udnie, szukaj OZZP\u203c Poczuj swoj\u0105 si\u0142\u0119<\/p>\n<p><img loading=\"lazy\" decoding=\"async\" class=\"alignnone wp-image-792 size-full\" src=\"https:\/\/psychologuj.pl\/psychologia\/wp-content\/uploads\/protest-psychologow.jpg\" alt=\"\" width=\"1240\" height=\"1755\" srcset=\"https:\/\/psychologuj.pl\/psychologia\/wp-content\/uploads\/protest-psychologow.jpg 1240w, https:\/\/psychologuj.pl\/psychologia\/wp-content\/uploads\/protest-psychologow-212x300.jpg 212w, https:\/\/psychologuj.pl\/psychologia\/wp-content\/uploads\/protest-psychologow-724x1024.jpg 724w, https:\/\/psychologuj.pl\/psychologia\/wp-content\/uploads\/protest-psychologow-768x1087.jpg 768w, https:\/\/psychologuj.pl\/psychologia\/wp-content\/uploads\/protest-psychologow-1085x1536.jpg 1085w, https:\/\/psychologuj.pl\/psychologia\/wp-content\/uploads\/protest-psychologow-42x60.jpg 42w\" sizes=\"auto, (max-width: 1240px) 100vw, 1240px\" \/><\/p>\n<p>fot. <em>Og\u00f3lnopolski Zwi\u0105zek Zawodowy Psycholog\u00f3w<\/em><\/p>\n<p>Psycholodzy Jeszcze raz przypominamy o naszym prote\u015bcie Miejsce zbi\u00f3rki przed wej\u015bciem Dworzec PKP Warszawa \u015ar\u00f3dmie\u015bcie od 11.30 w dniu 15 wrze\u015bnia, w najbli\u017cszy pi\u0105tek. W kontek\u015bcie tego wszystkiego, co dzieje si\u0119 wok\u00f3\u0142 zawodu psychologa, nie tylko w o\u015bwiacie chcemy gor\u0105co Was zach\u0119ci\u0107 do PROTESTU To ju\u017c oficjalne &#8211; 15 wrze\u015bnia OZZP we\u017amie udzia\u0142 w wielkiej manifestacji, kt\u00f3ra dotyczy wszystkich psycholog\u00f3w &#8211; wi\u0119kszo\u015b\u0107 z nas pracuje w bran\u017cy bud\u017cetowej.<br \/>\nManifestacja dotyczy niskich zarobk\u00f3w w sferze bud\u017cetowej, ale chcemy r\u00f3wnie\u017c :<br \/>\nskutecznej regulacji zawodu psychologa;<br \/>\npoprawy dost\u0119pu do psychologa dla ka\u017cdego potrzebuj\u0105cego obywatela;<br \/>\nzmian dotycz\u0105cych psycholog\u00f3w w o\u015bwiacie ( szczeg\u00f3\u0142owe postulaty ju\u017c wkr\u00f3tce)<br \/>\ngodnych wynagrodze\u0144 i odpowiednich warunk\u00f3w pracy dla psycholog\u00f3w sektora publicznego.<br \/>\nZapraszamy na ten protest w Warszawie wszystkich psycholog\u00f3w, kt\u00f3rzy chc\u0105 wyrazi\u0107 sw\u00f3j protest wobec tego jak obecnie jest traktowany zaw\u00f3d psychologa w Polsce Pocz\u0105tek o godzinie 12.00 pod Pa\u0142acem Kultury i Nauki To protest pracownik\u00f3w szeroko rozumianej sfery bud\u017cetowej (czyli r\u00f3wnie\u017c psycholog\u00f3w) z obu centrali zwi\u0105zkowych &#8211; OPZZ i Forum Zwi\u0105zk\u00f3w Zawodowych. G\u0142\u00f3wny postulat to podniesienie wynagrodze\u0144 o 20 % od tego roku i 24 % od przysz\u0142ego. Wiele tysi\u0119cy psycholog\u00f3w pracuje w tych aktualnie najgorzej wynagradzanych resortach &#8211; o\u015bwiacie i pomocy spo\u0142ecznej. Zach\u0119camy do udzia\u0142u w manifestacji wszystkich Jeste\u015bmy jedn\u0105 wielk\u0105 grup\u0105 zawodow\u0105 niezale\u017cnie od bran\u017cy , gdzie pracujemy. Warto si\u0119 wzajemnie wspiera\u0107. Protest b\u0119dzie te\u017c okazj\u0105 do zamanifestowania naszego niezadowolenia z powodu BRAKU REGULACJI ZAWODU<br \/>\nNa protest mog\u0105 przyj\u015b\u0107 wszyscy psycholodzy, nie tylko Ci nale\u017c\u0105cy do OZZP WA\u017bNE KA\u017bDE WSPARCIE!!! POKA\u017bMY SWOJ\u0104 SI\u0141\u0118<\/p>\n<p><img loading=\"lazy\" decoding=\"async\" class=\"alignnone wp-image-794 size-full\" src=\"https:\/\/psychologuj.pl\/psychologia\/wp-content\/uploads\/marsz-gniewu.jpg\" alt=\"\" width=\"2000\" height=\"1500\" srcset=\"https:\/\/psychologuj.pl\/psychologia\/wp-content\/uploads\/marsz-gniewu.jpg 2000w, https:\/\/psychologuj.pl\/psychologia\/wp-content\/uploads\/marsz-gniewu-300x225.jpg 300w, https:\/\/psychologuj.pl\/psychologia\/wp-content\/uploads\/marsz-gniewu-1024x768.jpg 1024w, https:\/\/psychologuj.pl\/psychologia\/wp-content\/uploads\/marsz-gniewu-768x576.jpg 768w, https:\/\/psychologuj.pl\/psychologia\/wp-content\/uploads\/marsz-gniewu-1536x1152.jpg 1536w, https:\/\/psychologuj.pl\/psychologia\/wp-content\/uploads\/marsz-gniewu-80x60.jpg 80w\" sizes=\"auto, (max-width: 2000px) 100vw, 2000px\" \/><\/p>\n<p><img loading=\"lazy\" decoding=\"async\" class=\"alignnone wp-image-795 size-full\" src=\"https:\/\/psychologuj.pl\/psychologia\/wp-content\/uploads\/marsz-gniewu-protest-psychologow.jpg\" alt=\"\" width=\"2048\" height=\"1536\" srcset=\"https:\/\/psychologuj.pl\/psychologia\/wp-content\/uploads\/marsz-gniewu-protest-psychologow.jpg 2048w, https:\/\/psychologuj.pl\/psychologia\/wp-content\/uploads\/marsz-gniewu-protest-psychologow-300x225.jpg 300w, https:\/\/psychologuj.pl\/psychologia\/wp-content\/uploads\/marsz-gniewu-protest-psychologow-1024x768.jpg 1024w, https:\/\/psychologuj.pl\/psychologia\/wp-content\/uploads\/marsz-gniewu-protest-psychologow-768x576.jpg 768w, https:\/\/psychologuj.pl\/psychologia\/wp-content\/uploads\/marsz-gniewu-protest-psychologow-1536x1152.jpg 1536w, https:\/\/psychologuj.pl\/psychologia\/wp-content\/uploads\/marsz-gniewu-protest-psychologow-80x60.jpg 80w\" sizes=\"auto, (max-width: 2048px) 100vw, 2048px\" \/><\/p>\n<p>fot. <em>Og\u00f3lnopolski Zwi\u0105zek Zawodowy Psycholog\u00f3w<\/em><\/p>\n\n\n<div class=\"kk-star-ratings kksr-auto kksr-align-left kksr-valign-bottom\"\n    data-payload='{&quot;align&quot;:&quot;left&quot;,&quot;id&quot;:&quot;280&quot;,&quot;slug&quot;:&quot;default&quot;,&quot;valign&quot;:&quot;bottom&quot;,&quot;ignore&quot;:&quot;&quot;,&quot;reference&quot;:&quot;auto&quot;,&quot;class&quot;:&quot;&quot;,&quot;count&quot;:&quot;1&quot;,&quot;legendonly&quot;:&quot;&quot;,&quot;readonly&quot;:&quot;&quot;,&quot;score&quot;:&quot;5&quot;,&quot;starsonly&quot;:&quot;&quot;,&quot;best&quot;:&quot;5&quot;,&quot;gap&quot;:&quot;5&quot;,&quot;greet&quot;:&quot;Twoja ocena&quot;,&quot;legend&quot;:&quot;Ocena 5\\\/5 - (1 g\u0142os\u00f3w)&quot;,&quot;size&quot;:&quot;24&quot;,&quot;title&quot;:&quot;Protest psycholog\u00f3w&quot;,&quot;width&quot;:&quot;142.5&quot;,&quot;_legend&quot;:&quot;Ocena {score}\\\/{best} - ({count} g\u0142os\u00f3w)&quot;,&quot;font_factor&quot;:&quot;1.25&quot;}'>\n            \n<div class=\"kksr-stars\">\n    \n<div class=\"kksr-stars-inactive\">\n            <div class=\"kksr-star\" data-star=\"1\" style=\"padding-right: 5px\">\n            \n\n<div class=\"kksr-icon\" style=\"width: 24px; height: 24px;\"><\/div>\n        <\/div>\n            <div class=\"kksr-star\" data-star=\"2\" style=\"padding-right: 5px\">\n            \n\n<div class=\"kksr-icon\" style=\"width: 24px; height: 24px;\"><\/div>\n        <\/div>\n            <div class=\"kksr-star\" data-star=\"3\" style=\"padding-right: 5px\">\n            \n\n<div class=\"kksr-icon\" style=\"width: 24px; height: 24px;\"><\/div>\n        <\/div>\n            <div class=\"kksr-star\" data-star=\"4\" style=\"padding-right: 5px\">\n            \n\n<div class=\"kksr-icon\" style=\"width: 24px; height: 24px;\"><\/div>\n        <\/div>\n            <div class=\"kksr-star\" data-star=\"5\" style=\"padding-right: 5px\">\n            \n\n<div class=\"kksr-icon\" style=\"width: 24px; height: 24px;\"><\/div>\n        <\/div>\n    <\/div>\n    \n<div class=\"kksr-stars-active\" style=\"width: 142.5px;\">\n            <div class=\"kksr-star\" style=\"padding-right: 5px\">\n            \n\n<div class=\"kksr-icon\" style=\"width: 24px; height: 24px;\"><\/div>\n        <\/div>\n            <div class=\"kksr-star\" style=\"padding-right: 5px\">\n            \n\n<div class=\"kksr-icon\" style=\"width: 24px; height: 24px;\"><\/div>\n        <\/div>\n            <div class=\"kksr-star\" style=\"padding-right: 5px\">\n            \n\n<div class=\"kksr-icon\" style=\"width: 24px; height: 24px;\"><\/div>\n        <\/div>\n            <div class=\"kksr-star\" style=\"padding-right: 5px\">\n            \n\n<div class=\"kksr-icon\" style=\"width: 24px; height: 24px;\"><\/div>\n        <\/div>\n            <div class=\"kksr-star\" style=\"padding-right: 5px\">\n            \n\n<div class=\"kksr-icon\" style=\"width: 24px; height: 24px;\"><\/div>\n        <\/div>\n    <\/div>\n<\/div>\n                \n\n<div class=\"kksr-legend\" style=\"font-size: 19.2px;\">\n            Ocena 5\/5 - (1 g\u0142os\u00f3w)    <\/div>\n    <\/div>\n","protected":false},"excerpt":{"rendered":"<p>15 wrze\u015bnia 2023 r. Og\u00f3lnopolski Zwi\u0105zek Zawodowy Psycholog\u00f3w zorganizowa\u0142 protest psycholog\u00f3w, kt\u00f3ry odby\u0142 si\u0119 w Warszawie o godzinie 12.00 pod Pa\u0142acem Kultury i Nauki. Organizatorzy podzi\u0119kowali za udzia\u0142 Dzisiaj odby\u0142 si\u0119 Marsz Gniewu sfery bud\u017cetowej, w kt\u00f3rej psycholodzy wzi\u0119li udzia\u0142 protestuj\u0105c przeciwko: \u2705 niskim zarobkom w o\u015bwiacie i pomocy spo\u0142ecznej; \u2705 braku regulacji zawodu psychologa; Ponadto podczas marszu by\u0142y tak\u017ce inne bardziej szczeg\u00f3\u0142owe postulaty, kt\u00f3re znalaz\u0142y si\u0119 na transparentach\ud83d\udc47 Bardzo dzi\u0119kujemy wszystkim psychologom, kt\u00f3rzy przyjechali i wzi\u0119li udzia\u0142 w przemarszu. Oto jak organizatorzy zach\u0119cali do udzia\u0142u: Psycholodzy!! W kontek\u015bcie tego wszystkiego co dzieje si\u0119 wok\u00f3\u0142 zawodu psychologa, nie tylko w &hellip; <\/p>\n","protected":false},"author":2,"featured_media":794,"comment_status":"closed","ping_status":"closed","sticky":false,"template":"","format":"standard","meta":{"footnotes":""},"categories":[2],"tags":[],"class_list":["post-280","post","type-post","status-publish","format-standard","has-post-thumbnail","hentry","category-artykuly"],"_links":{"self":[{"href":"https:\/\/psychologuj.pl\/psychologia\/wp-json\/wp\/v2\/posts\/280","targetHints":{"allow":["GET"]}}],"collection":[{"href":"https:\/\/psychologuj.pl\/psychologia\/wp-json\/wp\/v2\/posts"}],"about":[{"href":"https:\/\/psychologuj.pl\/psychologia\/wp-json\/wp\/v2\/types\/post"}],"author":[{"embeddable":true,"href":"https:\/\/psychologuj.pl\/psychologia\/wp-json\/wp\/v2\/users\/2"}],"replies":[{"embeddable":true,"href":"https:\/\/psychologuj.pl\/psychologia\/wp-json\/wp\/v2\/comments?post=280"}],"version-history":[{"count":2,"href":"https:\/\/psychologuj.pl\/psychologia\/wp-json\/wp\/v2\/posts\/280\/revisions"}],"predecessor-version":[{"id":2792,"href":"https:\/\/psychologuj.pl\/psychologia\/wp-json\/wp\/v2\/posts\/280\/revisions\/2792"}],"wp:featuredmedia":[{"embeddable":true,"href":"https:\/\/psychologuj.pl\/psychologia\/wp-json\/wp\/v2\/media\/794"}],"wp:attachment":[{"href":"https:\/\/psychologuj.pl\/psychologia\/wp-json\/wp\/v2\/media?parent=280"}],"wp:term":[{"taxonomy":"category","embeddable":true,"href":"https:\/\/psychologuj.pl\/psychologia\/wp-json\/wp\/v2\/categories?post=280"},{"taxonomy":"post_tag","embeddable":true,"href":"https:\/\/psychologuj.pl\/psychologia\/wp-json\/wp\/v2\/tags?post=280"}],"curies":[{"name":"wp","href":"https:\/\/api.w.org\/{rel}","templated":true}]}}