{"id":2722,"date":"2025-01-24T17:35:12","date_gmt":"2025-01-24T16:35:12","guid":{"rendered":"https:\/\/psychologuj.pl\/psychologia\/?p=2722"},"modified":"2025-01-24T19:23:02","modified_gmt":"2025-01-24T18:23:02","slug":"zaburzenia-nastroju","status":"publish","type":"post","link":"https:\/\/psychologuj.pl\/psychologia\/zaburzenia-nastroju\/","title":{"rendered":"Zaburzenia nastroju"},"content":{"rendered":"<p>Zaburzenia nastroju okre\u015blane r\u00f3wnie\u017c jako zaburzenia afektywne, to grupa chor\u00f3b psychicznych, kt\u00f3re charakteryzuj\u0105 si\u0119 zaburzeniami emocjonalnymi i d\u0142ugotrwa\u0142ymi i znacz\u0105cymi zmianami nastroju, wp\u0142ywaj\u0105cymi na funkcjonowanie osoby w \u017cyciu codziennym. S\u0105 one jednymi z najcz\u0119\u015bciej diagnozowanych problem\u00f3w zdrowia psychicznego na \u015bwiecie. Zaburzenia nastroju mog\u0105 przybiera\u0107 r\u00f3\u017cne formy, od obni\u017conego nastroju po nadmierne pobudzenie, a ich przyczyny s\u0105 z\u0142o\u017cone, cz\u0119sto wynikaj\u0105ce z interakcji czynnik\u00f3w biologicznych, genetycznych, \u015brodowiskowych i psychologicznych. Osoby z zaburzeniami nastroju do\u015bwiadczaj\u0105 zmian w swoim nastroju, kt\u00f3re mog\u0105 obejmowa\u0107 epizody depresji, manii lub mieszane epizody zawieraj\u0105ce cechy zar\u00f3wno depresyjne, jak i maniakalne &#8211; czyli zaburzenia afektywne dwubiegunowe.<\/p>\n<p>Wed\u0142ug klasyfikacji DSM-5 oraz ICD-11, zaburzenia nastroju to stany psychiczne charakteryzuj\u0105ce si\u0119 zak\u0142\u00f3ceniem emocjonalnej r\u00f3wnowagi, kt\u00f3re prowadz\u0105 do istotnego upo\u015bledzenia funkcjonowania spo\u0142ecznego, zawodowego lub osobistego. Mog\u0105 wyst\u0119powa\u0107 w formie epizod\u00f3w depresyjnych, manii, hipomanii lub mieszanych.<\/p>\n<h2>Rodzaje zaburze\u0144 nastroju<\/h2>\n<h3>Depresja<\/h3>\n<p>Depresja to jedno z najcz\u0119\u015bciej wyst\u0119puj\u0105cych zaburze\u0144 nastroju. Charakteryzuje si\u0119 uczuciem g\u0142\u0119bokiego smutku, brakiem energii, utrat\u0105 zainteresowa\u0144 oraz obni\u017con\u0105 samoocen\u0105. Do objaw\u00f3w somatycznych nale\u017c\u0105 problemy ze snem, zmiany w apetycie i zmniejszona koncentracja.<\/p>\n<ul>\n<li><strong>Depresja kliniczna (jednobiegunowa)<\/strong> &#8211; pacjent odczuwa przewlek\u0142y smutek i przygn\u0119bienie.<\/li>\n<li><strong>Dystymia<\/strong> &#8211; przewlek\u0142a forma depresji o mniejszym nasileniu, trwaj\u0105ca przez co najmniej dwa lata.<\/li>\n<\/ul>\n<p>Osoby z depresj\u0105 do\u015bwiadczaj\u0105 g\u0142\u0119bokiego smutku, utraty zainteresowania codziennymi aktywno\u015bciami i przyjemno\u015bciami, uczucia beznadziejno\u015bci, zm\u0119czenia, zaburze\u0144 snu i apetytu, problem\u00f3w z koncentracj\u0105 oraz miewaj\u0105 my\u015bli samob\u00f3jcze. Depresja mo\u017ce mie\u0107 r\u00f3\u017cne nasilenie, od \u0142agodnego do ci\u0119\u017ckiego.<\/p>\n<h3>Zaburzenie dwubiegunowe &#8211; choroba afektywna dwubiegunowa (ChAD)<\/h3>\n<p>Zaburzenia dwubiegunowe charakteryzuj\u0105 si\u0119 naprzemiennym wyst\u0119powaniem epizod\u00f3w manii (okres wzmo\u017conego nastroju, stan euforii, pobudzenia, nadmiernego poczucia w\u0142asnej warto\u015bci, nadpobudliwo\u015bci) oraz epizod\u00f3w depresyjnych. Istniej\u0105 r\u00f3\u017cne typy zaburzenia dwubiegunowego, takie jak typ I, typ II i cyklotymia. W manii pacjent mo\u017ce odczuwa\u0107 nadmiern\u0105 pewno\u015b\u0107 siebie, zmniejszon\u0105 potrzeb\u0119 snu i sk\u0142onno\u015b\u0107 do podejmowania ryzykownych decyzji. W depresji za\u015b objawy s\u0105 podobne do tych wyst\u0119puj\u0105cych w depresji klinicznej.<\/p>\n<ul>\n<li><strong>ChAD typu I<\/strong> &#8211; charakteryzuje si\u0119 pe\u0142nymi epizodami manii i depresji.<\/li>\n<li><strong>ChAD typu II<\/strong>\u00a0&#8211; wyst\u0119puj\u0105 epizody depresji i hipomanii (\u0142agodniejsza forma manii).<\/li>\n<li><strong>Zaburzenie cyklotymiczne (cyklotymia)<\/strong> &#8211; jest to \u0142agodniejsza forma choroby afektywnej dwubiegunowej, w kt\u00f3rej wyst\u0119puj\u0105 naprzemienne okresy \u0142agodnej depresji i hipomanii. Zaburzenie to cz\u0119sto nie jest diagnozowane, poniewa\u017c objawy mog\u0105 by\u0107 subtelne.<\/li>\n<\/ul>\n<h3>Zaburzenie afektywne sezonowe<\/h3>\n<p>Jest to rodzaj depresji, kt\u00f3ry wyst\u0119puje cyklicznie, sezonowo w okre\u015blonych porach roku, najcz\u0119\u015bciej jesieni\u0105 i zim\u0105, gdy wyst\u0119puje zmniejszone nas\u0142onecznienie.\u00a0Objawy przypominaj\u0105 depresj\u0119 i mog\u0105 obejmowa\u0107 zm\u0119czenie, nadmiern\u0105 senno\u015b\u0107 oraz zwi\u0119kszony apetyt na w\u0119glowodany. Osoby z tym zaburzeniem do\u015bwiadczaj\u0105 objaw\u00f3w depresyjnych w okre\u015blonym sezonie, a ich nastroje poprawiaj\u0105 si\u0119 w okresie letnim.<\/p>\n<h3>Zaburzenia afektywne okresowe<\/h3>\n<p>Zaburzenie afektywne okresowe to forma zaburzenia nastroju, w kt\u00f3rej osoba do\u015bwiadcza cyklicznych epizod\u00f3w zmian nastroju, kt\u00f3re mog\u0105 by\u0107 zwi\u0105zane z cyklem menstruacyjnym, np.: zesp\u00f3\u0142 napi\u0119cia przedmiesi\u0105czkowego\u00a0(<i>premenstrual syndrome<\/i> \u2013 PMS).<\/p>\n<h2 class=\"western\">Leczenie zaburze\u0144 nastroju<\/h2>\n<p>Leczenie zaburze\u0144 nastroju obejmuje r\u00f3\u017cne podej\u015bcia terapeutyczne. Najcz\u0119\u015bciej stosowanymi metodami s\u0105 farmakoterapia (przyjmowanie lek\u00f3w przeciwdepresyjnych, stabilizator\u00f3w nastroju lub lek\u00f3w przeciwpadaczkowych), psychoterapia oraz terapia \u015bwiat\u0142em dla zaburze\u0144 afektywnych sezonowych. Leczenie zaburze\u0144 nastroju zale\u017cy od ich rodzaju i nasilenia, ale najcz\u0119\u015bciej obejmuje:<\/p>\n<p><strong>Farmakoterapia<\/strong><\/p>\n<ul>\n<li>Leki przeciwdepresyjne (np. SSRI, SNRI) w depresji.<\/li>\n<li>Stabilizatory nastroju (np. lit) w ChAD.<\/li>\n<li>Leki przeciwpsychotyczne w przypadku ci\u0119\u017ckich epizod\u00f3w manii.<\/li>\n<\/ul>\n<p><strong>Psychoterapia<\/strong><\/p>\n<ul>\n<li>Terapia poznawczo-behawioralna (CBT) pomaga zmienia\u0107 negatywne wzorce my\u015blowe i radzi\u0107 sobie z objawami.<\/li>\n<li>Terapia interpersonalna koncentruje si\u0119 na poprawie relacji z innymi.<\/li>\n<\/ul>\n<p><strong>Zmiany stylu \u017cycia<\/strong><\/p>\n<ul>\n<li>Regularna aktywno\u015b\u0107 fizyczna, zdrowa dieta i odpowiednia higiena snu maj\u0105 kluczowe znaczenie w zapobieganiu nawrotom objaw\u00f3w.<\/li>\n<\/ul>\n<p><strong>Inne metody<\/strong><\/p>\n<ul>\n<li>Fototerapia (w SAD).<\/li>\n<li>Elektrowstrz\u0105sy (w ci\u0119\u017ckich przypadkach depresji, gdy inne metody zawodz\u0105).<\/li>\n<\/ul>\n\n\n<div class=\"kk-star-ratings kksr-auto kksr-align-left kksr-valign-bottom\"\n    data-payload='{&quot;align&quot;:&quot;left&quot;,&quot;id&quot;:&quot;2722&quot;,&quot;slug&quot;:&quot;default&quot;,&quot;valign&quot;:&quot;bottom&quot;,&quot;ignore&quot;:&quot;&quot;,&quot;reference&quot;:&quot;auto&quot;,&quot;class&quot;:&quot;&quot;,&quot;count&quot;:&quot;1&quot;,&quot;legendonly&quot;:&quot;&quot;,&quot;readonly&quot;:&quot;&quot;,&quot;score&quot;:&quot;5&quot;,&quot;starsonly&quot;:&quot;&quot;,&quot;best&quot;:&quot;5&quot;,&quot;gap&quot;:&quot;5&quot;,&quot;greet&quot;:&quot;Twoja ocena&quot;,&quot;legend&quot;:&quot;Ocena 5\\\/5 - (1 g\u0142os\u00f3w)&quot;,&quot;size&quot;:&quot;24&quot;,&quot;title&quot;:&quot;Zaburzenia nastroju&quot;,&quot;width&quot;:&quot;142.5&quot;,&quot;_legend&quot;:&quot;Ocena {score}\\\/{best} - ({count} g\u0142os\u00f3w)&quot;,&quot;font_factor&quot;:&quot;1.25&quot;}'>\n            \n<div class=\"kksr-stars\">\n    \n<div class=\"kksr-stars-inactive\">\n            <div class=\"kksr-star\" data-star=\"1\" style=\"padding-right: 5px\">\n            \n\n<div class=\"kksr-icon\" style=\"width: 24px; height: 24px;\"><\/div>\n        <\/div>\n            <div class=\"kksr-star\" data-star=\"2\" style=\"padding-right: 5px\">\n            \n\n<div class=\"kksr-icon\" style=\"width: 24px; height: 24px;\"><\/div>\n        <\/div>\n            <div class=\"kksr-star\" data-star=\"3\" style=\"padding-right: 5px\">\n            \n\n<div class=\"kksr-icon\" style=\"width: 24px; height: 24px;\"><\/div>\n        <\/div>\n            <div class=\"kksr-star\" data-star=\"4\" style=\"padding-right: 5px\">\n            \n\n<div class=\"kksr-icon\" style=\"width: 24px; height: 24px;\"><\/div>\n        <\/div>\n            <div class=\"kksr-star\" data-star=\"5\" style=\"padding-right: 5px\">\n            \n\n<div class=\"kksr-icon\" style=\"width: 24px; height: 24px;\"><\/div>\n        <\/div>\n    <\/div>\n    \n<div class=\"kksr-stars-active\" style=\"width: 142.5px;\">\n            <div class=\"kksr-star\" style=\"padding-right: 5px\">\n            \n\n<div class=\"kksr-icon\" style=\"width: 24px; height: 24px;\"><\/div>\n        <\/div>\n            <div class=\"kksr-star\" style=\"padding-right: 5px\">\n            \n\n<div class=\"kksr-icon\" style=\"width: 24px; height: 24px;\"><\/div>\n        <\/div>\n            <div class=\"kksr-star\" style=\"padding-right: 5px\">\n            \n\n<div class=\"kksr-icon\" style=\"width: 24px; height: 24px;\"><\/div>\n        <\/div>\n            <div class=\"kksr-star\" style=\"padding-right: 5px\">\n            \n\n<div class=\"kksr-icon\" style=\"width: 24px; height: 24px;\"><\/div>\n        <\/div>\n            <div class=\"kksr-star\" style=\"padding-right: 5px\">\n            \n\n<div class=\"kksr-icon\" style=\"width: 24px; height: 24px;\"><\/div>\n        <\/div>\n    <\/div>\n<\/div>\n                \n\n<div class=\"kksr-legend\" style=\"font-size: 19.2px;\">\n            Ocena 5\/5 - (1 g\u0142os\u00f3w)    <\/div>\n    <\/div>\n","protected":false},"excerpt":{"rendered":"<p>Zaburzenia nastroju okre\u015blane r\u00f3wnie\u017c jako zaburzenia afektywne, to grupa chor\u00f3b psychicznych, kt\u00f3re charakteryzuj\u0105 si\u0119 zaburzeniami emocjonalnymi i d\u0142ugotrwa\u0142ymi i znacz\u0105cymi zmianami nastroju, wp\u0142ywaj\u0105cymi na funkcjonowanie osoby w \u017cyciu codziennym. S\u0105 one jednymi z najcz\u0119\u015bciej diagnozowanych problem\u00f3w zdrowia psychicznego na \u015bwiecie. Zaburzenia nastroju mog\u0105 przybiera\u0107 r\u00f3\u017cne formy, od obni\u017conego nastroju po nadmierne pobudzenie, a ich przyczyny s\u0105 z\u0142o\u017cone, cz\u0119sto wynikaj\u0105ce z interakcji czynnik\u00f3w biologicznych, genetycznych, \u015brodowiskowych i psychologicznych. Osoby z zaburzeniami nastroju do\u015bwiadczaj\u0105 zmian w swoim nastroju, kt\u00f3re mog\u0105 obejmowa\u0107 epizody depresji, manii lub mieszane epizody zawieraj\u0105ce cechy zar\u00f3wno depresyjne, jak i maniakalne &#8211; czyli zaburzenia afektywne dwubiegunowe. Wed\u0142ug klasyfikacji DSM-5 &hellip; <\/p>\n","protected":false},"author":2,"featured_media":2728,"comment_status":"closed","ping_status":"closed","sticky":false,"template":"","format":"standard","meta":{"footnotes":""},"categories":[2],"tags":[],"class_list":["post-2722","post","type-post","status-publish","format-standard","has-post-thumbnail","hentry","category-artykuly"],"_links":{"self":[{"href":"https:\/\/psychologuj.pl\/psychologia\/wp-json\/wp\/v2\/posts\/2722","targetHints":{"allow":["GET"]}}],"collection":[{"href":"https:\/\/psychologuj.pl\/psychologia\/wp-json\/wp\/v2\/posts"}],"about":[{"href":"https:\/\/psychologuj.pl\/psychologia\/wp-json\/wp\/v2\/types\/post"}],"author":[{"embeddable":true,"href":"https:\/\/psychologuj.pl\/psychologia\/wp-json\/wp\/v2\/users\/2"}],"replies":[{"embeddable":true,"href":"https:\/\/psychologuj.pl\/psychologia\/wp-json\/wp\/v2\/comments?post=2722"}],"version-history":[{"count":1,"href":"https:\/\/psychologuj.pl\/psychologia\/wp-json\/wp\/v2\/posts\/2722\/revisions"}],"predecessor-version":[{"id":2727,"href":"https:\/\/psychologuj.pl\/psychologia\/wp-json\/wp\/v2\/posts\/2722\/revisions\/2727"}],"wp:featuredmedia":[{"embeddable":true,"href":"https:\/\/psychologuj.pl\/psychologia\/wp-json\/wp\/v2\/media\/2728"}],"wp:attachment":[{"href":"https:\/\/psychologuj.pl\/psychologia\/wp-json\/wp\/v2\/media?parent=2722"}],"wp:term":[{"taxonomy":"category","embeddable":true,"href":"https:\/\/psychologuj.pl\/psychologia\/wp-json\/wp\/v2\/categories?post=2722"},{"taxonomy":"post_tag","embeddable":true,"href":"https:\/\/psychologuj.pl\/psychologia\/wp-json\/wp\/v2\/tags?post=2722"}],"curies":[{"name":"wp","href":"https:\/\/api.w.org\/{rel}","templated":true}]}}