{"id":1891,"date":"2025-02-02T11:24:06","date_gmt":"2025-02-02T10:24:06","guid":{"rendered":"https:\/\/psychologuj.pl\/psychologia\/?p=1891"},"modified":"2025-02-02T11:33:36","modified_gmt":"2025-02-02T10:33:36","slug":"wiatr-halny","status":"publish","type":"post","link":"https:\/\/psychologuj.pl\/psychologia\/wiatr-halny\/","title":{"rendered":"Wiatr halny. Wp\u0142yw wiatru na samopoczucie"},"content":{"rendered":"<p>Wiatr halny to specyficzny typ wiatru, kt\u00f3ry wyst\u0119puje w polskich g\u00f3rach, a zw\u0142aszcza w rejonach Podhala i Beskidach. Wiatr halny pochodzi z grupy wiatr\u00f3w fenowych, kt\u00f3re powstaj\u0105, gdy powietrze przep\u0142ywa przez pasmo g\u00f3rskie. Jest to ciep\u0142y, suchy i porywisty wiatr, kt\u00f3ry wieje z po\u0142udnia, przynosz\u0105c ze sob\u0105 gwa\u0142towne zmiany pogody. Halny charakteryzuje si\u0119 tym, \u017ce jego temperatura jest wy\u017csza ni\u017c temperatura otoczenia, a jednocze\u015bnie wilgotno\u015b\u0107 powietrza jest bardzo niska.<\/p>\n<p>Halny wiatr tworzy si\u0119 w wyniku r\u00f3\u017cnicy ci\u015bnie\u0144 po obu stronach grzbietu g\u00f3rskiego \u2013 gdy po stronie po\u0142udniowej dominuje wy\u017c, a po p\u00f3\u0142nocnej panuje ni\u017c. Aby zjawisko to mog\u0142o wyst\u0105pi\u0107, r\u00f3\u017cnica ci\u015bnie\u0144 musi by\u0107 wystarczaj\u0105co du\u017ca, by powietrze z po\u0142udnia unios\u0142o si\u0119 i pokona\u0142o g\u00f3rsk\u0105 barier\u0119. Istotn\u0105 rol\u0119 odgrywaj\u0105 tak\u017ce wysoko\u015b\u0107 grzbietu oraz wilgotno\u015b\u0107 powietrza \u2013 je\u015bli s\u0105 odpowiednio wysokie, mo\u017ce doj\u015b\u0107 do kondensacji pary wodnej. Gdy wilgotne powietrze napotyka g\u00f3ry i wznosz\u0105c si\u0119 na nie, och\u0142adza si\u0119, a zawarta w nim para wodna skrapla si\u0119, tworz\u0105c chmury \u2013 wa\u0142 halny i opady na jednym stoku. Po przekroczeniu szczytu g\u00f3ry, powietrze opada na drugi stok i przep\u0142ywa w kierunku dolin, przy czym nast\u0119puje jego dalsze ocieplenie i wysuszenie, co skutkuje ciep\u0142ym i suchym wiatrem.<\/p>\n<p>Jego pojawienie si\u0119 jest wynikiem r\u00f3\u017cnicy ci\u015bnienia atmosferycznego, kt\u00f3ra powoduje przemieszczanie si\u0119 powietrza z wy\u017cszych partii g\u00f3r na ni\u017csze tereny. Zjawisko to jest szczeg\u00f3lnie intensywne jesieni\u0105 i wczesn\u0105 wiosn\u0105, kiedy warunki atmosferyczne sprzyjaj\u0105 powstawaniu tego wiatru. Halny mo\u017ce utrzymywa\u0107 si\u0119 przez kilka godzin, a czasem nawet kilka dni, a jego wp\u0142yw na pogod\u0119 w danym regionie jest znaczny. Przynosi on zazwyczaj wzrost temperatury o kilka stopni, a jednocze\u015bnie powoduje obni\u017cenie wilgotno\u015bci powietrza, co skutkuje uczuciem sucho\u015bci. Wiatr halny jest najcz\u0119\u015bciej silny i porywisty, osi\u0105gaj\u0105c pr\u0119dko\u015b\u0107 nawet kilkuset km\/h, mo\u017ce powodowa\u0107 przewracanie drzew, a nawet doprowadza\u0107 do uszkadzania linii energetycznych. Towarzyszy mu cz\u0119sto gwa\u0142townie zmieniaj\u0105ca si\u0119 pogoda &#8211; burze lub nag\u0142e ocieplenie i charakterystyczne, przep\u0142ywaj\u0105ce po niebie chmury.<\/p>\n<h2>Wiatr halny, a samopoczucie<\/h2>\n<p>Wiatr halny ma r\u00f3wnie\u017c wp\u0142yw na zdrowie psychiczne i samopoczucie os\u00f3b, kt\u00f3re mieszkaj\u0105 w rejonach, gdzie to zjawisko wyst\u0119puje regularnie. U wielu ludzi wiatr halny wywo\u0142uje r\u00f3\u017cne negatywne objawy, takie jak obni\u017cenie nastroju, b\u00f3le g\u0142owy, dra\u017cliwo\u015b\u0107, zmiany nastroju, l\u0119k czy uczucie zm\u0119czenia. Zjawisko to jest cz\u0119sto postrzegane jako czynnik pogarszaj\u0105cy samopoczucie, poniewa\u017c jego skutki s\u0105 odczuwalne zar\u00f3wno fizycznie, jak i emocjonalnie.<\/p>\n<p>Halny wp\u0142ywa na zdrowie psychiczne g\u0142\u00f3wnie poprzez wp\u0142yw na ci\u015bnienie atmosferyczne i wilgotno\u015b\u0107 powietrza, co mo\u017ce powodowa\u0107 zmiany w organizmach ludzkich. Wiatr ten jest zwi\u0105zany z nag\u0142ymi zmianami pogody, co mo\u017ce powodowa\u0107 stres, niepok\u00f3j, pobudzenie, a nawet gwa\u0142towne wybuchy gniewu prowadz\u0105ce do agresji, u os\u00f3b wra\u017cliwych na zmieniaj\u0105ce si\u0119 warunki atmosferyczne. Wzrost ci\u015bnienia i sucho\u015b\u0107 powietrza mog\u0105 wp\u0142ywa\u0107 na nastr\u00f3j, prowadz\u0105c do uczucia przygn\u0119bienia czy niepokoju. W niekt\u00f3rych przypadkach, osoby, kt\u00f3re s\u0105 szczeg\u00f3lnie wra\u017cliwe na zmiany pogody, mog\u0105 odczuwa\u0107 pogorszenie samopoczucia, co prowadzi do obni\u017conego poziomu energii, os\u0142abienia koncentracji czy trudno\u015bci w zasypianiu.<\/p>\n<p>Halny wiatr mo\u017ce r\u00f3wnie\u017c wp\u0142ywa\u0107 na osoby cierpi\u0105ce na choroby uk\u0142adu kr\u0105\u017cenia, b\u00f3le migrenowe czy problemy ze snem. Z tego powodu niekt\u00f3rzy mieszka\u0144cy rejon\u00f3w g\u00f3rskich, gdzie halny wyst\u0119puje regularnie, mog\u0105 odczuwa\u0107 pogorszenie jako\u015bci \u017cycia w okresach intensywnego wiatru halnego. W skrajnych przypadkach wiatr ten bywa kojarzony z desperackimi czynami, w tym sk\u0142onno\u015bciami samob\u00f3jczymi. Cz\u0119\u015b\u0107 specjalist\u00f3w wskazuje na gwa\u0142towne zmiany ci\u015bnienia atmosferycznego jako mo\u017cliwe wyt\u0142umaczenie tych zjawisk, zauwa\u017caj\u0105c jednocze\u015bnie wzrost agresywnych zachowa\u0144, konflikt\u00f3w rodzinnych i b\u00f3jek podczas nag\u0142ych zmian pogody. Analizy Koszewskiej oraz Trepi\u0144skiej wskazuj\u0105 na niekorzystny wp\u0142yw halnego na psychik\u0119 zw\u0142aszcza wiosn\u0105 i latem, nie wykluczaj\u0105c przy tym mo\u017cliwo\u015bci, \u017ce wiatr fenowy mo\u017ce przyczynia\u0107 si\u0119 do sezonowego wzrostu ryzyka pr\u00f3b samob\u00f3jczych w Tatrach.<\/p>\n<h2>Wp\u0142yw wiatru na samopoczucie<\/h2>\n<p>Wiatr jako element pogody mo\u017ce mie\u0107 znacz\u0105cy wp\u0142yw na samopoczucie cz\u0142owieka. Jego oddzia\u0142ywanie zale\u017cy od intensywno\u015bci, cz\u0119stotliwo\u015bci oraz indywidualnej wra\u017cliwo\u015bci danej osoby. Silny, porywisty wiatr bywa odbierany jako stresuj\u0105cy, poniewa\u017c generuje ha\u0142as, zaburza poczucie stabilno\u015bci i mo\u017ce wywo\u0142ywa\u0107 uczucie niepokoju. Z kolei delikatny, ciep\u0142y powiew wiatru cz\u0119sto dzia\u0142a relaksuj\u0105co, poprawiaj\u0105c nastr\u00f3j i sprzyjaj\u0105c odpr\u0119\u017ceniu.<\/p>\n<h2>Silny wiatr, a samopoczucie<\/h2>\n<p>Wp\u0142yw wiatru na samopoczucie ma r\u00f3wnie\u017c pod\u0142o\u017ce biologiczne. Wiatr mo\u017ce zmienia\u0107 ci\u015bnienie atmosferyczne, co wp\u0142ywa na uk\u0142ad nerwowy, a u os\u00f3b wra\u017cliwych mo\u017ce wywo\u0142ywa\u0107 b\u00f3le g\u0142owy, zm\u0119czenie czy rozdra\u017cnienie. W niekt\u00f3rych regionach \u015bwiata, takich jak Alpy czy Bliski Wsch\u00f3d, specyficzne wiatry (np. fen, sirocco) s\u0105 znane z wywo\u0142ywania objaw\u00f3w takich jak bezsenno\u015b\u0107 czy obni\u017cony nastr\u00f3j. Wiatr mo\u017ce wp\u0142ywa\u0107 na nasze odczucia przestrzeni i bezpiecze\u0144stwa. Ekstremalne warunki pogodowe, w tym silne wiatry, mog\u0105 wywo\u0142ywa\u0107 poczucie zagro\u017cenia, co aktywuje reakcj\u0119 stresow\u0105 organizmu. Najsilniej na niekorzystne warunki pogodowe reaguj\u0105 osoby zmagaj\u0105ce si\u0119 z depresj\u0105, schizofreni\u0105, nerwic\u0105, a tak\u017ce uzale\u017cnione od alkoholu i narkotyk\u00f3w.<\/p>\n\n\n<div class=\"kk-star-ratings kksr-auto kksr-align-left kksr-valign-bottom\"\n    data-payload='{&quot;align&quot;:&quot;left&quot;,&quot;id&quot;:&quot;1891&quot;,&quot;slug&quot;:&quot;default&quot;,&quot;valign&quot;:&quot;bottom&quot;,&quot;ignore&quot;:&quot;&quot;,&quot;reference&quot;:&quot;auto&quot;,&quot;class&quot;:&quot;&quot;,&quot;count&quot;:&quot;2&quot;,&quot;legendonly&quot;:&quot;&quot;,&quot;readonly&quot;:&quot;&quot;,&quot;score&quot;:&quot;4&quot;,&quot;starsonly&quot;:&quot;&quot;,&quot;best&quot;:&quot;5&quot;,&quot;gap&quot;:&quot;5&quot;,&quot;greet&quot;:&quot;Twoja ocena&quot;,&quot;legend&quot;:&quot;Ocena 4\\\/5 - (2 g\u0142os\u00f3w)&quot;,&quot;size&quot;:&quot;24&quot;,&quot;title&quot;:&quot;Wiatr halny. Wp\u0142yw wiatru na samopoczucie&quot;,&quot;width&quot;:&quot;113.5&quot;,&quot;_legend&quot;:&quot;Ocena {score}\\\/{best} - ({count} g\u0142os\u00f3w)&quot;,&quot;font_factor&quot;:&quot;1.25&quot;}'>\n            \n<div class=\"kksr-stars\">\n    \n<div class=\"kksr-stars-inactive\">\n            <div class=\"kksr-star\" data-star=\"1\" style=\"padding-right: 5px\">\n            \n\n<div class=\"kksr-icon\" style=\"width: 24px; height: 24px;\"><\/div>\n        <\/div>\n            <div class=\"kksr-star\" data-star=\"2\" style=\"padding-right: 5px\">\n            \n\n<div class=\"kksr-icon\" style=\"width: 24px; height: 24px;\"><\/div>\n        <\/div>\n            <div class=\"kksr-star\" data-star=\"3\" style=\"padding-right: 5px\">\n            \n\n<div class=\"kksr-icon\" style=\"width: 24px; height: 24px;\"><\/div>\n        <\/div>\n            <div class=\"kksr-star\" data-star=\"4\" style=\"padding-right: 5px\">\n            \n\n<div class=\"kksr-icon\" style=\"width: 24px; height: 24px;\"><\/div>\n        <\/div>\n            <div class=\"kksr-star\" data-star=\"5\" style=\"padding-right: 5px\">\n            \n\n<div class=\"kksr-icon\" style=\"width: 24px; height: 24px;\"><\/div>\n        <\/div>\n    <\/div>\n    \n<div class=\"kksr-stars-active\" style=\"width: 113.5px;\">\n            <div class=\"kksr-star\" style=\"padding-right: 5px\">\n            \n\n<div class=\"kksr-icon\" style=\"width: 24px; height: 24px;\"><\/div>\n        <\/div>\n            <div class=\"kksr-star\" style=\"padding-right: 5px\">\n            \n\n<div class=\"kksr-icon\" style=\"width: 24px; height: 24px;\"><\/div>\n        <\/div>\n            <div class=\"kksr-star\" style=\"padding-right: 5px\">\n            \n\n<div class=\"kksr-icon\" style=\"width: 24px; height: 24px;\"><\/div>\n        <\/div>\n            <div class=\"kksr-star\" style=\"padding-right: 5px\">\n            \n\n<div class=\"kksr-icon\" style=\"width: 24px; height: 24px;\"><\/div>\n        <\/div>\n            <div class=\"kksr-star\" style=\"padding-right: 5px\">\n            \n\n<div class=\"kksr-icon\" style=\"width: 24px; height: 24px;\"><\/div>\n        <\/div>\n    <\/div>\n<\/div>\n                \n\n<div class=\"kksr-legend\" style=\"font-size: 19.2px;\">\n            Ocena 4\/5 - (2 g\u0142os\u00f3w)    <\/div>\n    <\/div>\n","protected":false},"excerpt":{"rendered":"<p>Wiatr halny to specyficzny typ wiatru, kt\u00f3ry wyst\u0119puje w polskich g\u00f3rach, a zw\u0142aszcza w rejonach Podhala i Beskidach. Wiatr halny pochodzi z grupy wiatr\u00f3w fenowych, kt\u00f3re powstaj\u0105, gdy powietrze przep\u0142ywa przez pasmo g\u00f3rskie. Jest to ciep\u0142y, suchy i porywisty wiatr, kt\u00f3ry wieje z po\u0142udnia, przynosz\u0105c ze sob\u0105 gwa\u0142towne zmiany pogody. Halny charakteryzuje si\u0119 tym, \u017ce jego temperatura jest wy\u017csza ni\u017c temperatura otoczenia, a jednocze\u015bnie wilgotno\u015b\u0107 powietrza jest bardzo niska. Halny wiatr tworzy si\u0119 w wyniku r\u00f3\u017cnicy ci\u015bnie\u0144 po obu stronach grzbietu g\u00f3rskiego \u2013 gdy po stronie po\u0142udniowej dominuje wy\u017c, a po p\u00f3\u0142nocnej panuje ni\u017c. Aby zjawisko to mog\u0142o wyst\u0105pi\u0107, r\u00f3\u017cnica &hellip; <\/p>\n","protected":false},"author":2,"featured_media":2738,"comment_status":"closed","ping_status":"closed","sticky":false,"template":"","format":"standard","meta":{"footnotes":""},"categories":[2],"tags":[],"class_list":["post-1891","post","type-post","status-publish","format-standard","has-post-thumbnail","hentry","category-artykuly"],"_links":{"self":[{"href":"https:\/\/psychologuj.pl\/psychologia\/wp-json\/wp\/v2\/posts\/1891","targetHints":{"allow":["GET"]}}],"collection":[{"href":"https:\/\/psychologuj.pl\/psychologia\/wp-json\/wp\/v2\/posts"}],"about":[{"href":"https:\/\/psychologuj.pl\/psychologia\/wp-json\/wp\/v2\/types\/post"}],"author":[{"embeddable":true,"href":"https:\/\/psychologuj.pl\/psychologia\/wp-json\/wp\/v2\/users\/2"}],"replies":[{"embeddable":true,"href":"https:\/\/psychologuj.pl\/psychologia\/wp-json\/wp\/v2\/comments?post=1891"}],"version-history":[{"count":2,"href":"https:\/\/psychologuj.pl\/psychologia\/wp-json\/wp\/v2\/posts\/1891\/revisions"}],"predecessor-version":[{"id":2741,"href":"https:\/\/psychologuj.pl\/psychologia\/wp-json\/wp\/v2\/posts\/1891\/revisions\/2741"}],"wp:featuredmedia":[{"embeddable":true,"href":"https:\/\/psychologuj.pl\/psychologia\/wp-json\/wp\/v2\/media\/2738"}],"wp:attachment":[{"href":"https:\/\/psychologuj.pl\/psychologia\/wp-json\/wp\/v2\/media?parent=1891"}],"wp:term":[{"taxonomy":"category","embeddable":true,"href":"https:\/\/psychologuj.pl\/psychologia\/wp-json\/wp\/v2\/categories?post=1891"},{"taxonomy":"post_tag","embeddable":true,"href":"https:\/\/psychologuj.pl\/psychologia\/wp-json\/wp\/v2\/tags?post=1891"}],"curies":[{"name":"wp","href":"https:\/\/api.w.org\/{rel}","templated":true}]}}