{"id":1435,"date":"2024-05-29T13:39:21","date_gmt":"2024-05-29T11:39:21","guid":{"rendered":"https:\/\/psychologuj.pl\/psychologia\/?p=1435"},"modified":"2025-02-06T21:51:32","modified_gmt":"2025-02-06T20:51:32","slug":"zaburzenia-afektywne-dwubiegunowe","status":"publish","type":"post","link":"https:\/\/psychologuj.pl\/psychologia\/zaburzenia-afektywne-dwubiegunowe\/","title":{"rendered":"Zaburzenia afektywne dwubiegunowe"},"content":{"rendered":"<p>Choroba afektywna dwubiegunowa (ChAD), cyklofrenia, zaburzenia dwubiegunowe, choroba maniakalno-depresyjna, <a href=\"https:\/\/psychologuj.pl\/psychologia\/psychoza\/\">psychoza<\/a> maniakalno-depresyjna, to wszystko synonimy zaburze\u0144 afektywnych dwubiegunowych \u2013 grupy zaburze\u0144 psychicznych o charakterze przewlek\u0142ym, charakteryzuj\u0105ce si\u0119 w swoim klinicznym przebiegu naprzemiennym wyst\u0119powaniem zespo\u0142\u00f3w maniakalnych i depresyjnych lub hipomaniakalnych, pomi\u0119dzy kt\u00f3rymi mog\u0105 wyst\u0119powa\u0107 okresy remisji bez objaw\u00f3w. Choroba afektywna dwubiegunowa jest powa\u017cnym zaburzeniem psychicznym charakteryzuj\u0105cym si\u0119 epizodami depresji oraz manii lub hipomanii. Stany te mog\u0105 mie\u0107 bardzo du\u017c\u0105 dynamik\u0119 zmian. Osoby dotkni\u0119te t\u0105 chorob\u0105 mog\u0105 do\u015bwiadcza\u0107 skrajnych zmian nastroju, kt\u00f3re wp\u0142ywaj\u0105 na ich codzienne funkcjonowanie, relacje spo\u0142eczne i og\u00f3ln\u0105 jako\u015b\u0107 \u017cycia.<\/p>\n<h2>Choroba afektywna dwubiegunowa<\/h2>\n<p>Osoby z chorob\u0105 afektywn\u0105 dwubiegunow\u0105 mog\u0105 do\u015bwiadcza\u0107 okres\u00f3w intensywnego i podwy\u017cszonego nastroju (mania) lub nastroju podwy\u017cszonego, ale w mniejszym stopniu (hipomania), kt\u00f3re s\u0105 nast\u0119pnie zast\u0119powane okresami depresji. Podczas epizod\u00f3w manii lub hipomanii osoby cierpi\u0105ce na chorob\u0119 afektywn\u0105 dwubiegunow\u0105 mog\u0105 odczuwa\u0107 nadmiern\u0105 pewno\u015b\u0107 siebie, hiperaktywno\u015b\u0107, ekscytacj\u0119, pobudzenie, a tak\u017ce zmniejszon\u0105 potrzeb\u0119 snu i sk\u0142onno\u015b\u0107 do podejmowania ryzykownych dzia\u0142a\u0144. W czasie epizod\u00f3w depresji mog\u0105 odczuwa\u0107 smutek, brak energii, poczucie beznadziei, trudno\u015bci w koncentracji, a tak\u017ce my\u015bli samob\u00f3jcze.<\/p>\n<h2>ChAD<\/h2>\n<p>ChAD to skr\u00f3t od nazwy &#8211; <strong>choroba afektywna dwubiegunowa<\/strong> (Bipolar Affective Disorder, BPAD). Jest to przewlek\u0142e zaburzenie psychiczne, kt\u00f3re charakteryzuje si\u0119 epizodami manii (okresy wzmo\u017conego nastroju) i <a href=\"https:\/\/psychologuj.pl\/psychologia\/depresja\/\">depresji<\/a> (okresy obni\u017conego nastroju). Epizod manii objawia si\u0119 jako stan wyj\u0105tkowo podwy\u017cszonego lub euforycznego nastroju, nadmiernego optymizmu, nadmiernego poczucia w\u0142asnej warto\u015bci, zwi\u0119kszonej aktywno\u015bci, zmniejszonego zapotrzebowania na sen, nadmiernej rozmowno\u015bci, podejmowania ryzykownych dzia\u0142a\u0144 czy impulsywnego zachowania. Epizod depresyjny natomiast to stan g\u0142\u0119bokiego smutku, beznadziei, utraty zainteresowania, zmniejszonej energii, zaburze\u0144 snu, zmiany apetytu, my\u015bli samob\u00f3jczych oraz trudno\u015bci w koncentracji. Choroba afektywna dwubiegunowa mo\u017ce mie\u0107 r\u00f3\u017cne nasilenie objaw\u00f3w i r\u00f3\u017cny przebieg u poszczeg\u00f3lnych os\u00f3b. Mo\u017ce wp\u0142ywa\u0107 na relacje interpersonalne, funkcjonowanie zawodowe oraz og\u00f3ln\u0105 jako\u015b\u0107 \u017cycia.<\/p>\n<p>Choroba afektywna dwubiegunowa, w przeciwie\u0144stwie do jednobiegunowej depresji, dotyczy oko\u0142o 1\u20132% populacji przez ca\u0142e \u017cycie, zazwyczaj manifestuj\u0105c si\u0119 mi\u0119dzy 20, a 30 rokiem \u017cycia, przy zbli\u017conej cz\u0119sto\u015bci wyst\u0119powania u obu p\u0142ci. Nieleczony epizod depresyjny w chorobie afektywnej dwubiegunowej trwa \u015brednio 3 miesi\u0105ce, a liczba faz w ci\u0105gu \u017cycia wynosi od 6 do 10. U oko\u0142o 5\u201310% os\u00f3b, kt\u00f3re do\u015bwiadczy\u0142y pierwszego epizodu depresyjnego, objawy maniakalne mog\u0105 wyst\u0105pi\u0107 w p\u00f3\u017aniejszym czasie, co uzasadnia zmian\u0119 diagnozy na chorob\u0119 afektywn\u0105 dwubiegunow\u0105. Dystymia wyst\u0119puje u oko\u0142o 5% os\u00f3b przez ca\u0142e \u017cycie, a cyklotymia jest rzadsza, szacowana na 0,4\u20133%. Szacuje si\u0119, \u017ce 10\u201315% os\u00f3b z zaburzeniami depresyjnymi pope\u0142nia samob\u00f3jstwo, przy czym od 20 do 60% podejmuje pr\u00f3by samob\u00f3jcze, a od 40 do 80% do\u015bwiadcza my\u015bli samob\u00f3jczych. W\u015br\u00f3d og\u00f3\u0142u os\u00f3b pope\u0142niaj\u0105cych samob\u00f3jstwo, 50\u201380% cierpia\u0142o na zaburzenia depresyjne.<\/p>\n<h2>Psychoza maniakalno-depresyjna<\/h2>\n<p>Chorob\u0119 afektywn\u0105 dwubiegunow\u0105 jako niezale\u017cn\u0105 jednostk\u0119 chorobow\u0105 wyodr\u0119bni\u0142 Kraepelein, pierwotnie nazywaj\u0105c j\u0105 psychoz\u0105 maniakalno-depresyjn\u0105. Psychoza maniakalno-depresyjna\u00a0to zaburzenie psychiczne charakteryzuj\u0105ce si\u0119 epizodami manii lub hipomanii (wzmo\u017conego nastroju) oraz epizodami depresji. Wsp\u00f3\u0142cze\u015bnie uwa\u017ca si\u0119, \u017ce rozpowszechnienie zaburze\u0144 afektywnych oscyluje w granicach kilku do kilkunastu procent w zale\u017cno\u015bci od metody badania, regionu oraz badanej populacji. Polskie statystyki dotycz\u0105ce wska\u017anika pierwszorazowych przyj\u0119\u0107 do szpitali chorych z rozpoznaniem schizofrenii i chor\u00f3b afektywnych, s\u0105 zbli\u017cone, jednak w\u015br\u00f3d grupy pacjent\u00f3w po 50 roku \u017cycia, zaburzenia afektywne stanowi\u0105 jeden z dominuj\u0105cych powod\u00f3w hospitalizacji zar\u00f3wno kobiet jak i m\u0119\u017cczyzn.<\/p>\n<p>Nieznane s\u0105 dok\u0142adne przyczyny choroby afektywnej dwubiegunowej, jednak uwa\u017ca si\u0119, \u017ce wp\u0142yw na jej rozw\u00f3j maj\u0105 zar\u00f3wno czynniki genetyczne, jak i \u015brodowiskowe. Choroba ta jest cz\u0119sto leczona farmakologicznie, przy u\u017cyciu lek\u00f3w stabilizuj\u0105cych nastroje, takich jak leki przeciwpsychotyczne, leki przeciwpadaczkowe i leki przeciwdepresyjne. W przypadku choroby afektywnej dwubiegunowej, terapia psychologiczna, takie jak <a href=\"https:\/\/psychologuj.pl\/specjalisci\/psychoterapeuta\/psychoterapia-poznawczo-behawioralna\">terapia poznawczo-behawioralna<\/a> lub terapia interpersonalna, mo\u017ce by\u0107 r\u00f3wnie\u017c pomocna w radzeniu sobie z chorob\u0105 i zapobieganiu nawrotom.<\/p>\n\n\n<div class=\"kk-star-ratings kksr-auto kksr-align-left kksr-valign-bottom\"\n    data-payload='{&quot;align&quot;:&quot;left&quot;,&quot;id&quot;:&quot;1435&quot;,&quot;slug&quot;:&quot;default&quot;,&quot;valign&quot;:&quot;bottom&quot;,&quot;ignore&quot;:&quot;&quot;,&quot;reference&quot;:&quot;auto&quot;,&quot;class&quot;:&quot;&quot;,&quot;count&quot;:&quot;5&quot;,&quot;legendonly&quot;:&quot;&quot;,&quot;readonly&quot;:&quot;&quot;,&quot;score&quot;:&quot;4.8&quot;,&quot;starsonly&quot;:&quot;&quot;,&quot;best&quot;:&quot;5&quot;,&quot;gap&quot;:&quot;5&quot;,&quot;greet&quot;:&quot;Twoja ocena&quot;,&quot;legend&quot;:&quot;Ocena 4.8\\\/5 - (5 g\u0142os\u00f3w)&quot;,&quot;size&quot;:&quot;24&quot;,&quot;title&quot;:&quot;Zaburzenia afektywne dwubiegunowe&quot;,&quot;width&quot;:&quot;136.7&quot;,&quot;_legend&quot;:&quot;Ocena {score}\\\/{best} - ({count} g\u0142os\u00f3w)&quot;,&quot;font_factor&quot;:&quot;1.25&quot;}'>\n            \n<div class=\"kksr-stars\">\n    \n<div class=\"kksr-stars-inactive\">\n            <div class=\"kksr-star\" data-star=\"1\" style=\"padding-right: 5px\">\n            \n\n<div class=\"kksr-icon\" style=\"width: 24px; height: 24px;\"><\/div>\n        <\/div>\n            <div class=\"kksr-star\" data-star=\"2\" style=\"padding-right: 5px\">\n            \n\n<div class=\"kksr-icon\" style=\"width: 24px; height: 24px;\"><\/div>\n        <\/div>\n            <div class=\"kksr-star\" data-star=\"3\" style=\"padding-right: 5px\">\n            \n\n<div class=\"kksr-icon\" style=\"width: 24px; height: 24px;\"><\/div>\n        <\/div>\n            <div class=\"kksr-star\" data-star=\"4\" style=\"padding-right: 5px\">\n            \n\n<div class=\"kksr-icon\" style=\"width: 24px; height: 24px;\"><\/div>\n        <\/div>\n            <div class=\"kksr-star\" data-star=\"5\" style=\"padding-right: 5px\">\n            \n\n<div class=\"kksr-icon\" style=\"width: 24px; height: 24px;\"><\/div>\n        <\/div>\n    <\/div>\n    \n<div class=\"kksr-stars-active\" style=\"width: 136.7px;\">\n            <div class=\"kksr-star\" style=\"padding-right: 5px\">\n            \n\n<div class=\"kksr-icon\" style=\"width: 24px; height: 24px;\"><\/div>\n        <\/div>\n            <div class=\"kksr-star\" style=\"padding-right: 5px\">\n            \n\n<div class=\"kksr-icon\" style=\"width: 24px; height: 24px;\"><\/div>\n        <\/div>\n            <div class=\"kksr-star\" style=\"padding-right: 5px\">\n            \n\n<div class=\"kksr-icon\" style=\"width: 24px; height: 24px;\"><\/div>\n        <\/div>\n            <div class=\"kksr-star\" style=\"padding-right: 5px\">\n            \n\n<div class=\"kksr-icon\" style=\"width: 24px; height: 24px;\"><\/div>\n        <\/div>\n            <div class=\"kksr-star\" style=\"padding-right: 5px\">\n            \n\n<div class=\"kksr-icon\" style=\"width: 24px; height: 24px;\"><\/div>\n        <\/div>\n    <\/div>\n<\/div>\n                \n\n<div class=\"kksr-legend\" style=\"font-size: 19.2px;\">\n            Ocena 4.8\/5 - (5 g\u0142os\u00f3w)    <\/div>\n    <\/div>\n","protected":false},"excerpt":{"rendered":"<p>Choroba afektywna dwubiegunowa (ChAD), cyklofrenia, zaburzenia dwubiegunowe, choroba maniakalno-depresyjna, psychoza maniakalno-depresyjna, to wszystko synonimy zaburze\u0144 afektywnych dwubiegunowych \u2013 grupy zaburze\u0144 psychicznych o charakterze przewlek\u0142ym, charakteryzuj\u0105ce si\u0119 w swoim klinicznym przebiegu naprzemiennym wyst\u0119powaniem zespo\u0142\u00f3w maniakalnych i depresyjnych lub hipomaniakalnych, pomi\u0119dzy kt\u00f3rymi mog\u0105 wyst\u0119powa\u0107 okresy remisji bez objaw\u00f3w. Choroba afektywna dwubiegunowa jest powa\u017cnym zaburzeniem psychicznym charakteryzuj\u0105cym si\u0119 epizodami depresji oraz manii lub hipomanii. Stany te mog\u0105 mie\u0107 bardzo du\u017c\u0105 dynamik\u0119 zmian. Osoby dotkni\u0119te t\u0105 chorob\u0105 mog\u0105 do\u015bwiadcza\u0107 skrajnych zmian nastroju, kt\u00f3re wp\u0142ywaj\u0105 na ich codzienne funkcjonowanie, relacje spo\u0142eczne i og\u00f3ln\u0105 jako\u015b\u0107 \u017cycia. Choroba afektywna dwubiegunowa Osoby z chorob\u0105 afektywn\u0105 dwubiegunow\u0105 mog\u0105 do\u015bwiadcza\u0107 &hellip; <\/p>\n","protected":false},"author":2,"featured_media":1436,"comment_status":"closed","ping_status":"closed","sticky":false,"template":"","format":"standard","meta":{"footnotes":""},"categories":[2],"tags":[],"class_list":["post-1435","post","type-post","status-publish","format-standard","has-post-thumbnail","hentry","category-artykuly"],"_links":{"self":[{"href":"https:\/\/psychologuj.pl\/psychologia\/wp-json\/wp\/v2\/posts\/1435","targetHints":{"allow":["GET"]}}],"collection":[{"href":"https:\/\/psychologuj.pl\/psychologia\/wp-json\/wp\/v2\/posts"}],"about":[{"href":"https:\/\/psychologuj.pl\/psychologia\/wp-json\/wp\/v2\/types\/post"}],"author":[{"embeddable":true,"href":"https:\/\/psychologuj.pl\/psychologia\/wp-json\/wp\/v2\/users\/2"}],"replies":[{"embeddable":true,"href":"https:\/\/psychologuj.pl\/psychologia\/wp-json\/wp\/v2\/comments?post=1435"}],"version-history":[{"count":3,"href":"https:\/\/psychologuj.pl\/psychologia\/wp-json\/wp\/v2\/posts\/1435\/revisions"}],"predecessor-version":[{"id":2827,"href":"https:\/\/psychologuj.pl\/psychologia\/wp-json\/wp\/v2\/posts\/1435\/revisions\/2827"}],"wp:featuredmedia":[{"embeddable":true,"href":"https:\/\/psychologuj.pl\/psychologia\/wp-json\/wp\/v2\/media\/1436"}],"wp:attachment":[{"href":"https:\/\/psychologuj.pl\/psychologia\/wp-json\/wp\/v2\/media?parent=1435"}],"wp:term":[{"taxonomy":"category","embeddable":true,"href":"https:\/\/psychologuj.pl\/psychologia\/wp-json\/wp\/v2\/categories?post=1435"},{"taxonomy":"post_tag","embeddable":true,"href":"https:\/\/psychologuj.pl\/psychologia\/wp-json\/wp\/v2\/tags?post=1435"}],"curies":[{"name":"wp","href":"https:\/\/api.w.org\/{rel}","templated":true}]}}