{"id":1092,"date":"2024-03-30T18:22:22","date_gmt":"2024-03-30T17:22:22","guid":{"rendered":"https:\/\/psychologuj.pl\/psychologia\/?p=1092"},"modified":"2025-06-06T12:05:47","modified_gmt":"2025-06-06T10:05:47","slug":"neuroroznorodnosc","status":"publish","type":"post","link":"https:\/\/psychologuj.pl\/psychologia\/neuroroznorodnosc\/","title":{"rendered":"Neuror\u00f3\u017cnorodno\u015b\u0107"},"content":{"rendered":"<p>Termin neuror\u00f3\u017cnorodno\u015b\u0107 zyska\u0142 popularno\u015b\u0107 po tym jak po raz pierwszy pojawi\u0142 si\u0119 w druku w artykule opublikowanym 30 wrze\u015bnia 1998 roku przez ameryka\u0144skiego dziennikarza i pisarza Harveya Blume&#8217;a, kt\u00f3ry zapo\u017cyczy\u0142 go od australijskiej socjolo\u017cki Judy Singer, z kt\u00f3r\u0105 korespondowa\u0142 na temat <a href=\"https:\/\/psychologuj.pl\/psychologia\/autyzm\/\">autyzmu<\/a>. Badaj\u0105ca spektrum autyzmu Singer u\u017cy\u0142a po raz pierwszy terminu &#8222;<em>neurodiversity&#8221; <\/em>pod koniec lat dziewi\u0119\u0107dziesi\u0105tych w swojej pracy dyplomowej z socjologii. Koncepcja neuror\u00f3\u017cnorodno\u015bci uwzgl\u0119dniaj\u0105c fakt, \u017ce ludzie r\u00f3\u017cni\u0105 si\u0119 nie tylko pod wzgl\u0119dem rasowym, wyznaniowym czy orientacji seksualnej, ale r\u00f3wnie\u017c pod wzgl\u0119dem funkcjonowania psychicznego, a wi\u0119c mi\u0119dzy innymi tego, \u017ce odmiennie widzimy, czujemy, s\u0142yszymy i dzia\u0142amy, zak\u0142ada, \u017ce r\u00f3\u017cnice te wynikaj\u0105 z naturalnego zr\u00f3\u017cnicowania ludzkich umys\u0142\u00f3w, nie s\u0105 za\u015b jedynie objawem zaburze\u0144 czy chor\u00f3b psychicznych.<\/p>\n<h2>Neurodywergencja<\/h2>\n<p>Neuror\u00f3\u017cnorodno\u015b\u0107 okre\u015blana r\u00f3wnie\u017c jako neurodywergencja, to koncepcja dotycz\u0105ca r\u00f3\u017cnorodno\u015bci neurologicznej i r\u00f3\u017cnic w funkcjonowaniu m\u00f3zgu oraz uk\u0142adu nerwowego u ludzi, zak\u0142adaj\u0105ca indywidualn\u0105 zmienno\u015b\u0107 neurologiczn\u0105 ka\u017cdej osoby, w przeciwie\u0144stwie do stanowiska, \u017ce istnieje jeden &#8222;typowy&#8221; spos\u00f3b funkcjonowania m\u00f3zgu. Paradygmat r\u00f3\u017cnorodno\u015bci neurologicznej zak\u0142ada, \u017ce ludzkie m\u00f3zgi wykazuj\u0105 naturaln\u0105 r\u00f3\u017cnorodno\u015b\u0107 w r\u00f3\u017cnych sferach funkcjonowania, takich jak towarzysko\u015b\u0107, uczenie si\u0119, uwaga, nastr\u00f3j oraz innych funkcjach umys\u0142owych. Istniej\u0105 naturalne r\u00f3\u017cnice indywidualne w sposobie przetwarzania informacji, reakcji na bod\u017ace zewn\u0119trzne oraz w sposobie postrzegania \u015bwiata. W przeciwie\u0144stwie do medycznego modelu niepe\u0142nosprawno\u015bci, a wi\u0119c podej\u015bcia patologizuj\u0105cego, paradygmat neuror\u00f3\u017cnorodno\u015bci podkre\u015bla r\u00f3wnorz\u0119dno\u015b\u0107 r\u00f3\u017cnic neurologicznych i odrzuca stawianie etykiet diagnostycznych jako normy sprowadzaj\u0105cej si\u0119 do kategoryzowania diagnozowanych os\u00f3b jako chorych psychicznie . Zamiast tego, k\u0142adzie nacisk na akceptacj\u0119 i zrozumienie tej r\u00f3\u017cnorodno\u015bci oraz tworzenie \u015brodowisk, kt\u00f3re uwzgl\u0119dniaj\u0105 i wspieraj\u0105 jednostki o odmiennych cechach neurologicznych, zapewniaj\u0105c im pe\u0142n\u0105 r\u00f3wno\u015b\u0107 szans i mo\u017cliwo\u015bci rozwoju. Zrozumienie i akceptacja neuror\u00f3\u017cnorodno\u015bci prowadz\u0105 do wydobycia potencja\u0142u ka\u017cdej jednostki oraz promowania inkluzywno\u015bci i r\u00f3\u017cnorodno\u015bci w spo\u0142ecze\u0144stwie.<\/p>\n<h2>Neuror\u00f3\u017cnorodno\u015b\u0107 a psychopatologia<\/h2>\n<p>Koncepcja neuror\u00f3\u017cnorodno\u015bci zak\u0142ada obowi\u0105zywanie spo\u0142ecznego modelu niepe\u0142nosprawno\u015bci, w kt\u00f3rym podkre\u015bla si\u0119, \u017ce to nie r\u00f3\u017cnice neurologiczne mi\u0119dzy lud\u017ami same w sobie s\u0105 przyczyn\u0105 niepe\u0142nosprawno\u015bci, lecz raczej bariery spo\u0142eczne oraz nieodpowiednie \u015brodowisko, kt\u00f3re uniemo\u017cliwiaj\u0105 pe\u0142ne uczestnictwo i aktywno\u015b\u0107 jednostek z r\u00f3\u017cnymi cechami neurologicznymi. W tym podej\u015bciu, skupia si\u0119 uwag\u0119 na eliminacji barier, zar\u00f3wno fizycznych, jak i spo\u0142ecznych, kt\u00f3re utrudniaj\u0105 \u017cycie osobom z r\u00f3\u017cnorodnymi cechami neurologicznymi, oraz promuje si\u0119 akceptacj\u0119 i w\u0142\u0105czenie tych os\u00f3b do spo\u0142ecze\u0144stwa, zapewniaj\u0105c im pe\u0142n\u0105 r\u00f3wno\u015b\u0107 szans i mo\u017cliwo\u015bci uczestnictwa w \u017cyciu spo\u0142ecznym, edukacji i pracy.<\/p>\n<p>Ka\u017cdy m\u00f3zg jest unikatowy i mo\u017ce wykazywa\u0107 r\u00f3\u017cnice zar\u00f3wno w strukturze, jak i funkcji, kt\u00f3re mog\u0105 mie\u0107 wp\u0142yw na postrzeganie, my\u015blenie, uczenie si\u0119 i zachowanie si\u0119. Paradygmat neuror\u00f3\u017cnorodno\u015bci pr\u00f3buje normalizowa\u0107 szereg r\u00f3\u017cnych cech i stan\u00f3w neurologicznych, takich jak <a href=\"https:\/\/psychologuj.pl\/psychologia\/diagnoza-asd\/\">zaburzenia ze spektrum autyzmu<\/a>, ADHD, <a href=\"https:\/\/psychologuj.pl\/psychologia\/zaburzenia-nastroju\/\">zaburzenia nastroju<\/a>, l\u0119kowe oraz poznawcze, kt\u00f3re mog\u0105 wp\u0142ywa\u0107 na spostrzeganie, komunikacj\u0119 i funkcjonowanie psychiczne jednostek. Zwolennicy podej\u015bcia neuror\u00f3\u017cnorodno\u015bci postuluj\u0105 aby r\u00f3wnie\u017c w jej kontek\u015bcie rozpatrywa\u0107 zaburzenia mowy, dysleksj\u0119, dyspraksj\u0119, dyskalkuli\u0119, dysnomi\u0119, niepe\u0142nosprawno\u015b\u0107 intelektualn\u0105, zesp\u00f3\u0142 Tourette\u2019a oraz zaburzenia psychiczne, takie jak <a href=\"https:\/\/neuroza.pl\/zaburzenia-afektywne-dwubiegunowe\/\" target=\"_blank\" rel=\"noopener\">zaburzenia afektywne dwubiegunowe<\/a>, <a href=\"https:\/\/psychologuj.pl\/psychologia\/schizofrenia\/\">schizofrenia<\/a>, <a href=\"https:\/\/psychozy.pl\/zaburzenia-schizoafektywne\/\" target=\"_blank\" rel=\"noopener\">zaburzenia schizoafektywne<\/a>, <a href=\"https:\/\/psychozy.pl\/osobowosc-dyssocjalna\/\" target=\"_blank\" rel=\"noopener\">osobowo\u015b\u0107 dyssocjalna<\/a>, oraz <a href=\"https:\/\/neuroza.pl\/zaburzenia-obsesyjno-kompulsyjne\/\" target=\"_blank\" rel=\"noopener\">zaburzenia obsesyjno-kompulsyjne<\/a>.<\/p>\n<p>Zanim koncepcja pluralizmu neurologicznego zerwa\u0142a z jednoznacznie pejoratywnymi korelacjami pomi\u0119dzy istnieniem alternatywnych neurotyp\u00f3w, a poziomem inteligencji oraz zdolno\u015bciami, w przesz\u0142o\u015bci istnia\u0142o przekonanie, \u017ce neuror\u00f3\u017cnorodno\u015b\u0107 w sposobie my\u015blenia przek\u0142ada si\u0119 na ni\u017cszy poziom inteligencji i ograniczone zdolno\u015bci. Jednak wyniki bada\u0144 z ostatnich lat jednoznacznie sk\u0142aniaj\u0105 si\u0119 w kierunku obalenia tej tezy. Wsp\u00f3\u0142cze\u015bnie badacze podkre\u015blaj\u0105, \u017ce ka\u017cdy z nas jest jednostk\u0105 o unikalnych cechach i warto docenia\u0107 i wykorzystywa\u0107 mocne strony ka\u017cdego neurotypu.<\/p>\n<p>Koncepcja neuror\u00f3\u017cnorodno\u015bci spo\u0142ecznie rehabilituje osoby neuroatypowe, podkre\u015bla mocne strony i rzadko spotykane cechy os\u00f3b neuroatypowych. Koncentracja na szczeg\u00f3\u0142ach mo\u017ce prowadzi\u0107 do dog\u0142\u0119bnego zrozumienia tematu lub do perfekcjonizmu w wykonywaniu zada\u0144. Kreatywno\u015b\u0107 i wyobra\u017ania przestrzenna mog\u0105 prowadzi\u0107 do innowacyjnych pomys\u0142\u00f3w i rozwi\u0105za\u0144 w dziedzinach sztuki, nauki czy technologii. Natomiast wysoka motywacja i wytrwa\u0142o\u015b\u0107 mog\u0105 pom\u00f3c osobom neuroatypowym w osi\u0105ganiu swoich cel\u00f3w, nawet w obliczu trudno\u015bci.<\/p>\n<p>Jako przyk\u0142ad wskazywanie s\u0105 osoby z ADHD, w\u015br\u00f3d kt\u00f3rych mo\u017cna zauwa\u017cy\u0107 r\u00f3\u017cnorodne talenty, takie jak nadzwyczajna wnikliwo\u015b\u0107, kreatywne my\u015blenie, zdolno\u015b\u0107 do wykonywania wielu zada\u0144 jednocze\u015bnie oraz umiej\u0119tno\u015b\u0107 podejmowania trafnych decyzji w sytuacjach obarczonych ryzykiem pope\u0142nienia b\u0142\u0119du. Osoby autystyczne cz\u0119sto wyr\u00f3\u017cniaj\u0105 si\u0119 umiej\u0119tno\u015bci\u0105 rozwi\u0105zywania skomplikowanych problem\u00f3w i analitycznym sposobem my\u015blenia. Nie oznacza to jednak rezygnacji ze wspierania rozwoju dzieci autystycznych, lecz akcentowanie tego, \u017ce nale\u017cy symptomy autyzmu traktowa\u0107 nie w kategoriach brak\u00f3w czy deficyt\u00f3w, a raczej na podobie\u0144stwo cech charakteru.<\/p>\n<p>Neuror\u00f3\u017cnorodno\u015b\u0107 jest postrzegana jako naturalna i warto\u015bciowa cz\u0119\u015b\u0107 r\u00f3\u017cnorodno\u015bci ludzkiego gatunku. W spo\u0142ecze\u0144stwie istnieje coraz wi\u0119ksza \u015bwiadomo\u015b\u0107 znaczenia akceptacji i zrozumienia neuror\u00f3\u017cnorodno\u015bci. D\u0105\u017cy si\u0119 do tworzenia bardziej inkluzywnych warunk\u00f3w \u015brodowiskowych, kt\u00f3re uwzgl\u0119dniaj\u0105 r\u00f3\u017cnorodno\u015b\u0107 indywidualnych potrzeb i mo\u017cliwo\u015bci.<\/p>\n<h2>Krytyka paradygmatu neuror\u00f3\u017cnorodno\u015bci<\/h2>\n<p>Niekt\u00f3rzy krytycy twierdz\u0105, \u017ce podej\u015bcie neuror\u00f3\u017cnorodno\u015bci mo\u017ce prowadzi\u0107 do zbytniego uproszczenia i generalizacji, traktuj\u0105c wszystkie r\u00f3\u017cnice neurologiczne jako r\u00f3wnie pozytywne lub neutralne, co mo\u017ce nie uwzgl\u0119dnia\u0107 rzeczywistych wyzwa\u0144 i potrzeb os\u00f3b z niekt\u00f3rymi zaburzeniami. Istnieje r\u00f3wnie\u017c obawa, \u017ce akcentowanie mocnych stron r\u00f3\u017cnych neurotyp\u00f3w mo\u017ce prowadzi\u0107 do bagatelizowania trudno\u015bci i cierpie\u0144 zwi\u0105zanych z niekt\u00f3rymi zaburzeniami psychicznymi lub neurologicznymi. Pojawi\u0142y si\u0119 r\u00f3wnie\u017c krytyczne g\u0142osy dotycz\u0105ce tego, i\u017c zwolennicy tego paradygmatu w nieuprawniony spos\u00f3b przypisuj\u0105 ca\u0142\u0105 win\u0119 za problemy jednostki nieelastycznemu i niechc\u0105cemu si\u0119 dostosowa\u0107 do oczekiwa\u0144 i potrzeb jednostki \u015brodowisku, podczas gdy w intuicyjne i ugruntowane w tradycji naukowej my\u015blenie \u0142\u0105czy niezdolno\u015b\u0107 do dostosowania si\u0119 do \u015brodowiska z powoduj\u0105cymi j\u0105 zaburzeniami funkcjonowania organizmu lub jego chorob\u0105.<\/p>\n\n\n<div class=\"kk-star-ratings kksr-auto kksr-align-left kksr-valign-bottom\"\n    data-payload='{&quot;align&quot;:&quot;left&quot;,&quot;id&quot;:&quot;1092&quot;,&quot;slug&quot;:&quot;default&quot;,&quot;valign&quot;:&quot;bottom&quot;,&quot;ignore&quot;:&quot;&quot;,&quot;reference&quot;:&quot;auto&quot;,&quot;class&quot;:&quot;&quot;,&quot;count&quot;:&quot;2&quot;,&quot;legendonly&quot;:&quot;&quot;,&quot;readonly&quot;:&quot;&quot;,&quot;score&quot;:&quot;5&quot;,&quot;starsonly&quot;:&quot;&quot;,&quot;best&quot;:&quot;5&quot;,&quot;gap&quot;:&quot;5&quot;,&quot;greet&quot;:&quot;Twoja ocena&quot;,&quot;legend&quot;:&quot;Ocena 5\\\/5 - (2 g\u0142os\u00f3w)&quot;,&quot;size&quot;:&quot;24&quot;,&quot;title&quot;:&quot;Neuror\u00f3\u017cnorodno\u015b\u0107&quot;,&quot;width&quot;:&quot;142.5&quot;,&quot;_legend&quot;:&quot;Ocena {score}\\\/{best} - ({count} g\u0142os\u00f3w)&quot;,&quot;font_factor&quot;:&quot;1.25&quot;}'>\n            \n<div class=\"kksr-stars\">\n    \n<div class=\"kksr-stars-inactive\">\n            <div class=\"kksr-star\" data-star=\"1\" style=\"padding-right: 5px\">\n            \n\n<div class=\"kksr-icon\" style=\"width: 24px; height: 24px;\"><\/div>\n        <\/div>\n            <div class=\"kksr-star\" data-star=\"2\" style=\"padding-right: 5px\">\n            \n\n<div class=\"kksr-icon\" style=\"width: 24px; height: 24px;\"><\/div>\n        <\/div>\n            <div class=\"kksr-star\" data-star=\"3\" style=\"padding-right: 5px\">\n            \n\n<div class=\"kksr-icon\" style=\"width: 24px; height: 24px;\"><\/div>\n        <\/div>\n            <div class=\"kksr-star\" data-star=\"4\" style=\"padding-right: 5px\">\n            \n\n<div class=\"kksr-icon\" style=\"width: 24px; height: 24px;\"><\/div>\n        <\/div>\n            <div class=\"kksr-star\" data-star=\"5\" style=\"padding-right: 5px\">\n            \n\n<div class=\"kksr-icon\" style=\"width: 24px; height: 24px;\"><\/div>\n        <\/div>\n    <\/div>\n    \n<div class=\"kksr-stars-active\" style=\"width: 142.5px;\">\n            <div class=\"kksr-star\" style=\"padding-right: 5px\">\n            \n\n<div class=\"kksr-icon\" style=\"width: 24px; height: 24px;\"><\/div>\n        <\/div>\n            <div class=\"kksr-star\" style=\"padding-right: 5px\">\n            \n\n<div class=\"kksr-icon\" style=\"width: 24px; height: 24px;\"><\/div>\n        <\/div>\n            <div class=\"kksr-star\" style=\"padding-right: 5px\">\n            \n\n<div class=\"kksr-icon\" style=\"width: 24px; height: 24px;\"><\/div>\n        <\/div>\n            <div class=\"kksr-star\" style=\"padding-right: 5px\">\n            \n\n<div class=\"kksr-icon\" style=\"width: 24px; height: 24px;\"><\/div>\n        <\/div>\n            <div class=\"kksr-star\" style=\"padding-right: 5px\">\n            \n\n<div class=\"kksr-icon\" style=\"width: 24px; height: 24px;\"><\/div>\n        <\/div>\n    <\/div>\n<\/div>\n                \n\n<div class=\"kksr-legend\" style=\"font-size: 19.2px;\">\n            Ocena 5\/5 - (2 g\u0142os\u00f3w)    <\/div>\n    <\/div>\n","protected":false},"excerpt":{"rendered":"<p>Termin neuror\u00f3\u017cnorodno\u015b\u0107 zyska\u0142 popularno\u015b\u0107 po tym jak po raz pierwszy pojawi\u0142 si\u0119 w druku w artykule opublikowanym 30 wrze\u015bnia 1998 roku przez ameryka\u0144skiego dziennikarza i pisarza Harveya Blume&#8217;a, kt\u00f3ry zapo\u017cyczy\u0142 go od australijskiej socjolo\u017cki Judy Singer, z kt\u00f3r\u0105 korespondowa\u0142 na temat autyzmu. Badaj\u0105ca spektrum autyzmu Singer u\u017cy\u0142a po raz pierwszy terminu &#8222;neurodiversity&#8221; pod koniec lat dziewi\u0119\u0107dziesi\u0105tych w swojej pracy dyplomowej z socjologii. Koncepcja neuror\u00f3\u017cnorodno\u015bci uwzgl\u0119dniaj\u0105c fakt, \u017ce ludzie r\u00f3\u017cni\u0105 si\u0119 nie tylko pod wzgl\u0119dem rasowym, wyznaniowym czy orientacji seksualnej, ale r\u00f3wnie\u017c pod wzgl\u0119dem funkcjonowania psychicznego, a wi\u0119c mi\u0119dzy innymi tego, \u017ce odmiennie widzimy, czujemy, s\u0142yszymy i dzia\u0142amy, zak\u0142ada, \u017ce r\u00f3\u017cnice &hellip; <\/p>\n","protected":false},"author":2,"featured_media":1097,"comment_status":"closed","ping_status":"closed","sticky":false,"template":"","format":"standard","meta":{"footnotes":""},"categories":[2],"tags":[],"class_list":["post-1092","post","type-post","status-publish","format-standard","has-post-thumbnail","hentry","category-artykuly"],"_links":{"self":[{"href":"https:\/\/psychologuj.pl\/psychologia\/wp-json\/wp\/v2\/posts\/1092","targetHints":{"allow":["GET"]}}],"collection":[{"href":"https:\/\/psychologuj.pl\/psychologia\/wp-json\/wp\/v2\/posts"}],"about":[{"href":"https:\/\/psychologuj.pl\/psychologia\/wp-json\/wp\/v2\/types\/post"}],"author":[{"embeddable":true,"href":"https:\/\/psychologuj.pl\/psychologia\/wp-json\/wp\/v2\/users\/2"}],"replies":[{"embeddable":true,"href":"https:\/\/psychologuj.pl\/psychologia\/wp-json\/wp\/v2\/comments?post=1092"}],"version-history":[{"count":2,"href":"https:\/\/psychologuj.pl\/psychologia\/wp-json\/wp\/v2\/posts\/1092\/revisions"}],"predecessor-version":[{"id":3042,"href":"https:\/\/psychologuj.pl\/psychologia\/wp-json\/wp\/v2\/posts\/1092\/revisions\/3042"}],"wp:featuredmedia":[{"embeddable":true,"href":"https:\/\/psychologuj.pl\/psychologia\/wp-json\/wp\/v2\/media\/1097"}],"wp:attachment":[{"href":"https:\/\/psychologuj.pl\/psychologia\/wp-json\/wp\/v2\/media?parent=1092"}],"wp:term":[{"taxonomy":"category","embeddable":true,"href":"https:\/\/psychologuj.pl\/psychologia\/wp-json\/wp\/v2\/categories?post=1092"},{"taxonomy":"post_tag","embeddable":true,"href":"https:\/\/psychologuj.pl\/psychologia\/wp-json\/wp\/v2\/tags?post=1092"}],"curies":[{"name":"wp","href":"https:\/\/api.w.org\/{rel}","templated":true}]}}